{"id":60318,"date":"2026-04-11T18:59:41","date_gmt":"2026-04-11T21:59:41","guid":{"rendered":"http:\/\/masquenoticiastucuman.com.ar\/?p=60318"},"modified":"2026-04-11T18:59:41","modified_gmt":"2026-04-11T21:59:41","slug":"me-da-igual-la-llamativa-respuesta-de-trump-mientras-jd-vance-negociaba-de-madrugada-con-iran-en-pakistan","status":"publish","type":"post","link":"https:\/\/masquenoticiastucuman.com.ar\/?p=60318","title":{"rendered":"&#8220;Me da igual&#8221;: la llamativa respuesta de Trump mientras JD Vance negociaba de madrugada con Ir\u00e1n en Pakist\u00e1n"},"content":{"rendered":"<ul>\n<li>El presidente de Estados Unidos habl\u00f3 con la prensa antes de abordar un helic\u00f3ptero en la Casa Blanca.<\/li>\n<li>Su gobierno negocia el fin de la guerra con Ir\u00e1n, que comenz\u00f3 con un ataque conjunto con Israel el 28 de febrero.<\/li>\n<li>La reuni\u00f3n en Pakist\u00e1n es la primera que realizan en persona funcionarios de Estados Unidos e Ir\u00e1n desde que rompieron relaciones en 1979.<\/li>\n<\/ul>\n<p>\u200bEl presidente de Estados Unidos habl\u00f3 con la prensa antes de abordar un helic\u00f3ptero en la Casa Blanca.Su gobierno negocia el fin de la guerra con Ir\u00e1n, que comenz\u00f3 con un ataque conjunto con Israel el 28 de febrero.La reuni\u00f3n en Pakist\u00e1n es la primera que realizan en persona funcionarios de Estados Unidos e Ir\u00e1n desde que rompieron relaciones en 1979.\u00a0<a href=\"https:\/\/www.clarin.com\/mundo\/da-igual-llamativa-respuesta-trump-jd-vance-negociaba-madrugada-iran-pakistan_0_a756RLHQ8N.html\" target=\"_blank\" class=\"feedzy-rss-link-icon\">Read More<\/a><\/p>","protected":false},"excerpt":{"rendered":"<p>El presidente de Estados Unidos habl\u00f3 con la prensa antes de abordar un helic\u00f3ptero en&#8230;<\/p>\n","protected":false},"author":1,"featured_media":60319,"comment_status":"open","ping_status":"open","sticky":false,"template":"","format":"standard","meta":{"footnotes":""},"categories":[4],"tags":[],"class_list":["post-60318","post","type-post","status-publish","format-standard","has-post-thumbnail","hentry","category-internacionales"],"_links":{"self":[{"href":"https:\/\/masquenoticiastucuman.com.ar\/index.php?rest_route=\/wp\/v2\/posts\/60318","targetHints":{"allow":["GET"]}}],"collection":[{"href":"https:\/\/masquenoticiastucuman.com.ar\/index.php?rest_route=\/wp\/v2\/posts"}],"about":[{"href":"https:\/\/masquenoticiastucuman.com.ar\/index.php?rest_route=\/wp\/v2\/types\/post"}],"author":[{"embeddable":true,"href":"https:\/\/masquenoticiastucuman.com.ar\/index.php?rest_route=\/wp\/v2\/users\/1"}],"replies":[{"embeddable":true,"href":"https:\/\/masquenoticiastucuman.com.ar\/index.php?rest_route=%2Fwp%2Fv2%2Fcomments&post=60318"}],"version-history":[{"count":0,"href":"https:\/\/masquenoticiastucuman.com.ar\/index.php?rest_route=\/wp\/v2\/posts\/60318\/revisions"}],"wp:featuredmedia":[{"embeddable":true,"href":"https:\/\/masquenoticiastucuman.com.ar\/index.php?rest_route=\/wp\/v2\/media\/60319"}],"wp:attachment":[{"href":"https:\/\/masquenoticiastucuman.com.ar\/index.php?rest_route=%2Fwp%2Fv2%2Fmedia&parent=60318"}],"wp:term":[{"taxonomy":"category","embeddable":true,"href":"https:\/\/masquenoticiastucuman.com.ar\/index.php?rest_route=%2Fwp%2Fv2%2Fcategories&post=60318"},{"taxonomy":"post_tag","embeddable":true,"href":"https:\/\/masquenoticiastucuman.com.ar\/index.php?rest_route=%2Fwp%2Fv2%2Ftags&post=60318"}],"curies":[{"name":"wp","href":"https:\/\/api.w.org\/{rel}","templated":true}]}}