{"id":60322,"date":"2026-04-11T21:19:13","date_gmt":"2026-04-12T00:19:13","guid":{"rendered":"http:\/\/masquenoticiastucuman.com.ar\/?p=60322"},"modified":"2026-04-11T21:19:13","modified_gmt":"2026-04-12T00:19:13","slug":"boca-vs-independiente-el-polemico-penal-de-var-que-vio-el-arbitro-merlos-y-provoco-el-gol-de-gimenez-y-la-expulsion-de-quinteros","status":"publish","type":"post","link":"https:\/\/masquenoticiastucuman.com.ar\/?p=60322","title":{"rendered":"Boca vs Independiente: el pol\u00e9mico penal de VAR que vio el \u00e1rbitro Merlos y provoc\u00f3 el gol de Gim\u00e9nez y la expulsi\u00f3n de Quinteros"},"content":{"rendered":"<ul>\n<li>El equipo de Claudio \u00dabeda lleg\u00f3 al empate en una de las \u00faltimas del primer tiempo.<\/li>\n<li>Alan Velasco busc\u00f3 la pelota dentro del \u00e1rea, entre dos defensores, y termin\u00f3 en el suelo.<\/li>\n<li>El \u00e1rbitro fue convocado por el VAR Lucas Novelli a revisar la acci\u00f3n y decidi\u00f3 darlo.<\/li>\n<\/ul>\n<p>\u200bEl equipo de Claudio \u00dabeda lleg\u00f3 al empate en una de las \u00faltimas del primer tiempo.Alan Velasco busc\u00f3 la pelota dentro del \u00e1rea, entre dos defensores, y termin\u00f3 en el suelo.El \u00e1rbitro fue convocado por el VAR Lucas Novelli a revisar la acci\u00f3n y decidi\u00f3 darlo.\u00a0<a href=\"https:\/\/www.clarin.com\/deportes\/boca-vs-independiente-polemico-penal-var-vio-arbitro-merlos-provoco-gol-gimenez-expulsion-quinteros_0_92zjRhzU0m.html\" target=\"_blank\" class=\"feedzy-rss-link-icon\">Read More<\/a><\/p>","protected":false},"excerpt":{"rendered":"<p>El equipo de Claudio \u00dabeda lleg\u00f3 al empate en una de las \u00faltimas del primer&#8230;<\/p>\n","protected":false},"author":1,"featured_media":0,"comment_status":"open","ping_status":"open","sticky":false,"template":"","format":"standard","meta":{"footnotes":""},"categories":[6],"tags":[],"class_list":["post-60322","post","type-post","status-publish","format-standard","has-post-thumbnail","hentry","category-deportes"],"_links":{"self":[{"href":"https:\/\/masquenoticiastucuman.com.ar\/index.php?rest_route=\/wp\/v2\/posts\/60322","targetHints":{"allow":["GET"]}}],"collection":[{"href":"https:\/\/masquenoticiastucuman.com.ar\/index.php?rest_route=\/wp\/v2\/posts"}],"about":[{"href":"https:\/\/masquenoticiastucuman.com.ar\/index.php?rest_route=\/wp\/v2\/types\/post"}],"author":[{"embeddable":true,"href":"https:\/\/masquenoticiastucuman.com.ar\/index.php?rest_route=\/wp\/v2\/users\/1"}],"replies":[{"embeddable":true,"href":"https:\/\/masquenoticiastucuman.com.ar\/index.php?rest_route=%2Fwp%2Fv2%2Fcomments&post=60322"}],"version-history":[{"count":0,"href":"https:\/\/masquenoticiastucuman.com.ar\/index.php?rest_route=\/wp\/v2\/posts\/60322\/revisions"}],"wp:attachment":[{"href":"https:\/\/masquenoticiastucuman.com.ar\/index.php?rest_route=%2Fwp%2Fv2%2Fmedia&parent=60322"}],"wp:term":[{"taxonomy":"category","embeddable":true,"href":"https:\/\/masquenoticiastucuman.com.ar\/index.php?rest_route=%2Fwp%2Fv2%2Fcategories&post=60322"},{"taxonomy":"post_tag","embeddable":true,"href":"https:\/\/masquenoticiastucuman.com.ar\/index.php?rest_route=%2Fwp%2Fv2%2Ftags&post=60322"}],"curies":[{"name":"wp","href":"https:\/\/api.w.org\/{rel}","templated":true}]}}