{"id":60326,"date":"2026-04-11T22:22:06","date_gmt":"2026-04-12T01:22:06","guid":{"rendered":"http:\/\/masquenoticiastucuman.com.ar\/?p=60326"},"modified":"2026-04-11T22:22:06","modified_gmt":"2026-04-12T01:22:06","slug":"la-lupa-sobre-el-arbitraje-de-andres-merlos-se-pidio-mano-en-el-gol-de-independiente-y-el-penal-de-var-para-boca-genero-dudas","status":"publish","type":"post","link":"https:\/\/masquenoticiastucuman.com.ar\/?p=60326","title":{"rendered":"La lupa sobre el arbitraje de Andr\u00e9s Merlos: se pidi\u00f3 mano en el gol de Independiente y el penal de VAR para Boca gener\u00f3 dudas"},"content":{"rendered":"<ul>\n<li>El mendocino suele tener partidos calientes y pol\u00e9micos, y repiti\u00f3 en la Bombonera.<\/li>\n<li>El 1-0 de Mat\u00edas Abaldo estuvo en duda por una acci\u00f3n en el inicio de la jugada.<\/li>\n<li>En el cierre del primer tiempo lleg\u00f3 la igualdad, el tanto de Gim\u00e9nez y la roja al DT Quinteros.<\/li>\n<\/ul>\n<p>\u200bEl mendocino suele tener partidos calientes y pol\u00e9micos, y repiti\u00f3 en la Bombonera.El 1-0 de Mat\u00edas Abaldo estuvo en duda por una acci\u00f3n en el inicio de la jugada.En el cierre del primer tiempo lleg\u00f3 la igualdad, el tanto de Gim\u00e9nez y la roja al DT Quinteros.\u00a0<a href=\"https:\/\/www.clarin.com\/deportes\/lupa-arbitraje-andres-merlos-pidio-mano-gol-independiente-penal-var-boca-genero-dudas_0_9xA7g0sL9z.html\" target=\"_blank\" class=\"feedzy-rss-link-icon\">Read More<\/a><\/p>","protected":false},"excerpt":{"rendered":"<p>El mendocino suele tener partidos calientes y pol\u00e9micos, y repiti\u00f3 en la Bombonera. El 1-0&#8230;<\/p>\n","protected":false},"author":1,"featured_media":0,"comment_status":"open","ping_status":"open","sticky":false,"template":"","format":"standard","meta":{"footnotes":""},"categories":[6],"tags":[],"class_list":["post-60326","post","type-post","status-publish","format-standard","has-post-thumbnail","hentry","category-deportes"],"_links":{"self":[{"href":"https:\/\/masquenoticiastucuman.com.ar\/index.php?rest_route=\/wp\/v2\/posts\/60326","targetHints":{"allow":["GET"]}}],"collection":[{"href":"https:\/\/masquenoticiastucuman.com.ar\/index.php?rest_route=\/wp\/v2\/posts"}],"about":[{"href":"https:\/\/masquenoticiastucuman.com.ar\/index.php?rest_route=\/wp\/v2\/types\/post"}],"author":[{"embeddable":true,"href":"https:\/\/masquenoticiastucuman.com.ar\/index.php?rest_route=\/wp\/v2\/users\/1"}],"replies":[{"embeddable":true,"href":"https:\/\/masquenoticiastucuman.com.ar\/index.php?rest_route=%2Fwp%2Fv2%2Fcomments&post=60326"}],"version-history":[{"count":0,"href":"https:\/\/masquenoticiastucuman.com.ar\/index.php?rest_route=\/wp\/v2\/posts\/60326\/revisions"}],"wp:attachment":[{"href":"https:\/\/masquenoticiastucuman.com.ar\/index.php?rest_route=%2Fwp%2Fv2%2Fmedia&parent=60326"}],"wp:term":[{"taxonomy":"category","embeddable":true,"href":"https:\/\/masquenoticiastucuman.com.ar\/index.php?rest_route=%2Fwp%2Fv2%2Fcategories&post=60326"},{"taxonomy":"post_tag","embeddable":true,"href":"https:\/\/masquenoticiastucuman.com.ar\/index.php?rest_route=%2Fwp%2Fv2%2Ftags&post=60326"}],"curies":[{"name":"wp","href":"https:\/\/api.w.org\/{rel}","templated":true}]}}