{"id":60328,"date":"2026-04-12T00:01:31","date_gmt":"2026-04-12T03:01:31","guid":{"rendered":"http:\/\/masquenoticiastucuman.com.ar\/?p=60328"},"modified":"2026-04-12T00:01:31","modified_gmt":"2026-04-12T03:01:31","slug":"a-que-hora-se-estrena-el-capitulo-1-de-euphoria-temporada-3-en-hbo-max-horarios-confirmados-por-pais-este-domingo-12-de-abril","status":"publish","type":"post","link":"https:\/\/masquenoticiastucuman.com.ar\/?p=60328","title":{"rendered":"\u00bfA qu\u00e9 hora se estrena el cap\u00edtulo 1 de Euphoria &#8211; Temporada 3 en HBO Max? Horarios confirmados por pa\u00eds este domingo 12 de abril"},"content":{"rendered":"<ul>\n<li>Este domingo se estrena el primer cap\u00edtulo de la \u00faltima temporada de Euphoria.<\/li>\n<li>El episodio se titula &#8220;\u00c1NDALE&#8221; y nos mostrar\u00e1 la realidad de Rue Bennett, lejos de la secundaria East Highland.<\/li>\n<li>Te dejamos los horarios exactos de lanzamiento por pa\u00eds, el calendario de los 8 episodios y los giros m\u00e1s pol\u00e9micos de la serie.<\/li>\n<\/ul>\n<p>\u200bEste domingo se estrena el primer cap\u00edtulo de la \u00faltima temporada de Euphoria.El episodio se titula &#8220;\u00c1NDALE&#8221; y nos mostrar\u00e1 la realidad de Rue Bennett, lejos de la secundaria East Highland.Te dejamos los horarios exactos de lanzamiento por pa\u00eds, el calendario de los 8 episodios y los giros m\u00e1s pol\u00e9micos de la serie.\u00a0<a href=\"https:\/\/www.clarin.com\/estados-unidos\/hora-estrena-capitulo-1-euphoria-temporada-3-hbo-max-horarios-confirmados-pais-domingo-12-abril_0_JS8Zsdg5Pu.html\" target=\"_blank\" class=\"feedzy-rss-link-icon\">Read More<\/a><\/p>","protected":false},"excerpt":{"rendered":"<p>Este domingo se estrena el primer cap\u00edtulo de la \u00faltima temporada de Euphoria. El episodio&#8230;<\/p>\n","protected":false},"author":1,"featured_media":0,"comment_status":"open","ping_status":"open","sticky":false,"template":"","format":"standard","meta":{"footnotes":""},"categories":[5],"tags":[],"class_list":["post-60328","post","type-post","status-publish","format-standard","has-post-thumbnail","hentry","category-espectaculo"],"_links":{"self":[{"href":"https:\/\/masquenoticiastucuman.com.ar\/index.php?rest_route=\/wp\/v2\/posts\/60328","targetHints":{"allow":["GET"]}}],"collection":[{"href":"https:\/\/masquenoticiastucuman.com.ar\/index.php?rest_route=\/wp\/v2\/posts"}],"about":[{"href":"https:\/\/masquenoticiastucuman.com.ar\/index.php?rest_route=\/wp\/v2\/types\/post"}],"author":[{"embeddable":true,"href":"https:\/\/masquenoticiastucuman.com.ar\/index.php?rest_route=\/wp\/v2\/users\/1"}],"replies":[{"embeddable":true,"href":"https:\/\/masquenoticiastucuman.com.ar\/index.php?rest_route=%2Fwp%2Fv2%2Fcomments&post=60328"}],"version-history":[{"count":0,"href":"https:\/\/masquenoticiastucuman.com.ar\/index.php?rest_route=\/wp\/v2\/posts\/60328\/revisions"}],"wp:attachment":[{"href":"https:\/\/masquenoticiastucuman.com.ar\/index.php?rest_route=%2Fwp%2Fv2%2Fmedia&parent=60328"}],"wp:term":[{"taxonomy":"category","embeddable":true,"href":"https:\/\/masquenoticiastucuman.com.ar\/index.php?rest_route=%2Fwp%2Fv2%2Fcategories&post=60328"},{"taxonomy":"post_tag","embeddable":true,"href":"https:\/\/masquenoticiastucuman.com.ar\/index.php?rest_route=%2Fwp%2Fv2%2Ftags&post=60328"}],"curies":[{"name":"wp","href":"https:\/\/api.w.org\/{rel}","templated":true}]}}