{"id":60329,"date":"2026-04-12T00:01:31","date_gmt":"2026-04-12T03:01:31","guid":{"rendered":"http:\/\/masquenoticiastucuman.com.ar\/?p=60329"},"modified":"2026-04-12T00:01:31","modified_gmt":"2026-04-12T03:01:31","slug":"alcaraz-vs-sinner-en-vivo-hora-tv-y-todo-sobre-la-final-del-masters-1000-de-montecarlo","status":"publish","type":"post","link":"https:\/\/masquenoticiastucuman.com.ar\/?p=60329","title":{"rendered":"Alcaraz vs Sinner, EN VIVO: hora, TV y todo sobre la final del Masters 1000 de Montecarlo"},"content":{"rendered":"<ul>\n<li>El espa\u00f1ol y el italiano se miden otra vez en una final.<\/li>\n<li>Esta vez lo hacen por ser el campe\u00f3n sobre el polvo de ladrillo monegasco y con el n\u00famero 1 del ranking en juego.<\/li>\n<li>Horario, c\u00f3mo ver en vivo y todos los detalles.<\/li>\n<\/ul>\n<p>\u200bEl espa\u00f1ol y el italiano se miden otra vez en una final.Esta vez lo hacen por ser el campe\u00f3n sobre el polvo de ladrillo monegasco y con el n\u00famero 1 del ranking en juego.Horario, c\u00f3mo ver en vivo y todos los detalles.\u00a0<a href=\"https:\/\/www.clarin.com\/deportes\/alcaraz-vs-sinner-vivo-hora-tv-final-masters-1000-montecarlo_0_RCJfUA99Eu.html\" target=\"_blank\" class=\"feedzy-rss-link-icon\">Read More<\/a><\/p>","protected":false},"excerpt":{"rendered":"<p>El espa\u00f1ol y el italiano se miden otra vez en una final. Esta vez lo&#8230;<\/p>\n","protected":false},"author":1,"featured_media":0,"comment_status":"open","ping_status":"open","sticky":false,"template":"","format":"standard","meta":{"footnotes":""},"categories":[6],"tags":[],"class_list":["post-60329","post","type-post","status-publish","format-standard","has-post-thumbnail","hentry","category-deportes"],"_links":{"self":[{"href":"https:\/\/masquenoticiastucuman.com.ar\/index.php?rest_route=\/wp\/v2\/posts\/60329","targetHints":{"allow":["GET"]}}],"collection":[{"href":"https:\/\/masquenoticiastucuman.com.ar\/index.php?rest_route=\/wp\/v2\/posts"}],"about":[{"href":"https:\/\/masquenoticiastucuman.com.ar\/index.php?rest_route=\/wp\/v2\/types\/post"}],"author":[{"embeddable":true,"href":"https:\/\/masquenoticiastucuman.com.ar\/index.php?rest_route=\/wp\/v2\/users\/1"}],"replies":[{"embeddable":true,"href":"https:\/\/masquenoticiastucuman.com.ar\/index.php?rest_route=%2Fwp%2Fv2%2Fcomments&post=60329"}],"version-history":[{"count":0,"href":"https:\/\/masquenoticiastucuman.com.ar\/index.php?rest_route=\/wp\/v2\/posts\/60329\/revisions"}],"wp:attachment":[{"href":"https:\/\/masquenoticiastucuman.com.ar\/index.php?rest_route=%2Fwp%2Fv2%2Fmedia&parent=60329"}],"wp:term":[{"taxonomy":"category","embeddable":true,"href":"https:\/\/masquenoticiastucuman.com.ar\/index.php?rest_route=%2Fwp%2Fv2%2Fcategories&post=60329"},{"taxonomy":"post_tag","embeddable":true,"href":"https:\/\/masquenoticiastucuman.com.ar\/index.php?rest_route=%2Fwp%2Fv2%2Ftags&post=60329"}],"curies":[{"name":"wp","href":"https:\/\/api.w.org\/{rel}","templated":true}]}}