{"id":60331,"date":"2026-04-12T04:26:03","date_gmt":"2026-04-12T07:26:03","guid":{"rendered":"http:\/\/masquenoticiastucuman.com.ar\/?p=60331"},"modified":"2026-04-12T04:26:03","modified_gmt":"2026-04-12T07:26:03","slug":"lo-que-no-se-vio-de-la-noche-salvaje-de-la-ufc-327-el-terrible-nocaut-de-ulberg-con-el-tendon-roto-el-ultimo-capricho-de-trump-y-dos-argentinos-en-la-lona","status":"publish","type":"post","link":"https:\/\/masquenoticiastucuman.com.ar\/?p=60331","title":{"rendered":"Lo que no se vio de la noche salvaje de la UFC 327: el terrible nocaut de Ulberg con el tend\u00f3n roto, el \u00faltimo capricho de Trump y dos argentinos en la lona"},"content":{"rendered":"<ul>\n<li>El neozeland\u00e9s sufri\u00f3 una lesi\u00f3n en plena pelea pero sorprendi\u00f3 al checo Proch\u00e1zca con un zurdazo que lo consagr\u00f3 campe\u00f3n de semipesado.<\/li>\n<li>As\u00ed se vive el circo de la UFC desde adentro.<\/li>\n<\/ul>\n<p>\u200bEl neozeland\u00e9s sufri\u00f3 una lesi\u00f3n en plena pelea pero sorprendi\u00f3 al checo Proch\u00e1zca con un zurdazo que lo consagr\u00f3 campe\u00f3n de semipesado.As\u00ed se vive el circo de la UFC desde adentro.\u00a0<a href=\"https:\/\/www.clarin.com\/deportes\/vio-noche-salvaje-ufc-327-terrible-nocaut-ulberg-tendon-roto-ultimo-capricho-trump-argentinos-lona_0_bltsLdiAX3.html\" target=\"_blank\" class=\"feedzy-rss-link-icon\">Read More<\/a><\/p>","protected":false},"excerpt":{"rendered":"<p>El neozeland\u00e9s sufri\u00f3 una lesi\u00f3n en plena pelea pero sorprendi\u00f3 al checo Proch\u00e1zca con un&#8230;<\/p>\n","protected":false},"author":1,"featured_media":0,"comment_status":"open","ping_status":"open","sticky":false,"template":"","format":"standard","meta":{"footnotes":""},"categories":[6],"tags":[],"class_list":["post-60331","post","type-post","status-publish","format-standard","has-post-thumbnail","hentry","category-deportes"],"_links":{"self":[{"href":"https:\/\/masquenoticiastucuman.com.ar\/index.php?rest_route=\/wp\/v2\/posts\/60331","targetHints":{"allow":["GET"]}}],"collection":[{"href":"https:\/\/masquenoticiastucuman.com.ar\/index.php?rest_route=\/wp\/v2\/posts"}],"about":[{"href":"https:\/\/masquenoticiastucuman.com.ar\/index.php?rest_route=\/wp\/v2\/types\/post"}],"author":[{"embeddable":true,"href":"https:\/\/masquenoticiastucuman.com.ar\/index.php?rest_route=\/wp\/v2\/users\/1"}],"replies":[{"embeddable":true,"href":"https:\/\/masquenoticiastucuman.com.ar\/index.php?rest_route=%2Fwp%2Fv2%2Fcomments&post=60331"}],"version-history":[{"count":0,"href":"https:\/\/masquenoticiastucuman.com.ar\/index.php?rest_route=\/wp\/v2\/posts\/60331\/revisions"}],"wp:attachment":[{"href":"https:\/\/masquenoticiastucuman.com.ar\/index.php?rest_route=%2Fwp%2Fv2%2Fmedia&parent=60331"}],"wp:term":[{"taxonomy":"category","embeddable":true,"href":"https:\/\/masquenoticiastucuman.com.ar\/index.php?rest_route=%2Fwp%2Fv2%2Fcategories&post=60331"},{"taxonomy":"post_tag","embeddable":true,"href":"https:\/\/masquenoticiastucuman.com.ar\/index.php?rest_route=%2Fwp%2Fv2%2Ftags&post=60331"}],"curies":[{"name":"wp","href":"https:\/\/api.w.org\/{rel}","templated":true}]}}