{"id":60337,"date":"2026-04-12T07:33:37","date_gmt":"2026-04-12T10:33:37","guid":{"rendered":"http:\/\/masquenoticiastucuman.com.ar\/?p=60337"},"modified":"2026-04-12T07:33:37","modified_gmt":"2026-04-12T10:33:37","slug":"newells-vs-san-lorenzo-en-vivo-por-el-torneo-apertura-2026-de-la-liga-profesional-de-futbol-minuto-a-minuto-en-directo","status":"publish","type":"post","link":"https:\/\/masquenoticiastucuman.com.ar\/?p=60337","title":{"rendered":"Newell&#8217;s vs San Lorenzo, EN VIVO, por el Torneo Apertura 2026 de la Liga Profesional de F\u00fatbol: minuto a minuto, en directo"},"content":{"rendered":"<ul>\n<li>Chocan desde las 15 por el Grupo A en el Parque de la Independencia de Rosario.<\/li>\n<li>El \u00e1rbitro es Sebasti\u00e1n Mart\u00ednez, asistido desde el VAR por Jos\u00e9 Carreras.<\/li>\n<\/ul>\n<p><\/p>\n<p>\u200bChocan desde las 15 por el Grupo A en el Parque de la Independencia de Rosario.El \u00e1rbitro es Sebasti\u00e1n Mart\u00ednez, asistido desde el VAR por Jos\u00e9 Carreras.\u00a0<a href=\"https:\/\/www.clarin.com\/deportes\/newells-vs-san-lorenzo-vivo-torneo-apertura-2026-liga-profesional-futbol-minuto-minuto-directo_0_YaJ4oH7fsY.html\" target=\"_blank\" class=\"feedzy-rss-link-icon\">Read More<\/a><\/p>","protected":false},"excerpt":{"rendered":"<p>Chocan desde las 15 por el Grupo A en el Parque de la Independencia de&#8230;<\/p>\n","protected":false},"author":1,"featured_media":0,"comment_status":"open","ping_status":"open","sticky":false,"template":"","format":"standard","meta":{"footnotes":""},"categories":[6],"tags":[],"class_list":["post-60337","post","type-post","status-publish","format-standard","has-post-thumbnail","hentry","category-deportes"],"_links":{"self":[{"href":"https:\/\/masquenoticiastucuman.com.ar\/index.php?rest_route=\/wp\/v2\/posts\/60337","targetHints":{"allow":["GET"]}}],"collection":[{"href":"https:\/\/masquenoticiastucuman.com.ar\/index.php?rest_route=\/wp\/v2\/posts"}],"about":[{"href":"https:\/\/masquenoticiastucuman.com.ar\/index.php?rest_route=\/wp\/v2\/types\/post"}],"author":[{"embeddable":true,"href":"https:\/\/masquenoticiastucuman.com.ar\/index.php?rest_route=\/wp\/v2\/users\/1"}],"replies":[{"embeddable":true,"href":"https:\/\/masquenoticiastucuman.com.ar\/index.php?rest_route=%2Fwp%2Fv2%2Fcomments&post=60337"}],"version-history":[{"count":0,"href":"https:\/\/masquenoticiastucuman.com.ar\/index.php?rest_route=\/wp\/v2\/posts\/60337\/revisions"}],"wp:attachment":[{"href":"https:\/\/masquenoticiastucuman.com.ar\/index.php?rest_route=%2Fwp%2Fv2%2Fmedia&parent=60337"}],"wp:term":[{"taxonomy":"category","embeddable":true,"href":"https:\/\/masquenoticiastucuman.com.ar\/index.php?rest_route=%2Fwp%2Fv2%2Fcategories&post=60337"},{"taxonomy":"post_tag","embeddable":true,"href":"https:\/\/masquenoticiastucuman.com.ar\/index.php?rest_route=%2Fwp%2Fv2%2Ftags&post=60337"}],"curies":[{"name":"wp","href":"https:\/\/api.w.org\/{rel}","templated":true}]}}