{"id":60344,"date":"2026-04-12T10:42:06","date_gmt":"2026-04-12T13:42:06","guid":{"rendered":"http:\/\/masquenoticiastucuman.com.ar\/?p=60344"},"modified":"2026-04-12T10:42:06","modified_gmt":"2026-04-12T13:42:06","slug":"elecciones-en-peru-ya-se-vota-para-definir-el-noveno-presidente-del-pais-en-los-ultimos-diez-anos","status":"publish","type":"post","link":"https:\/\/masquenoticiastucuman.com.ar\/?p=60344","title":{"rendered":"Elecciones en Per\u00fa: ya se vota para definir el noveno presidente del pa\u00eds en los \u00faltimos diez a\u00f1os"},"content":{"rendered":"<ul>\n<li>Se presentan 35 candidatos en la votaci\u00f3n de autoridades nacionales para el periodo 2026-2031.<\/li>\n<li>Todas las encuestas anticipan que habr\u00e1 una segunda vuelta.<\/li>\n<\/ul>\n<p>\u200bSe presentan 35 candidatos en la votaci\u00f3n de autoridades nacionales para el periodo 2026-2031.Todas las encuestas anticipan que habr\u00e1 una segunda vuelta.\u00a0<a href=\"https:\/\/www.clarin.com\/mundo\/elecciones-peru-vota-definir-noveno-presidente-pais-ultimos-anos_0_ellacaFLwW.html\" target=\"_blank\" class=\"feedzy-rss-link-icon\">Read More<\/a><\/p>","protected":false},"excerpt":{"rendered":"<p>Se presentan 35 candidatos en la votaci\u00f3n de autoridades nacionales para el periodo 2026-2031. Todas&#8230;<\/p>\n","protected":false},"author":1,"featured_media":60345,"comment_status":"open","ping_status":"open","sticky":false,"template":"","format":"standard","meta":{"footnotes":""},"categories":[4],"tags":[],"class_list":["post-60344","post","type-post","status-publish","format-standard","has-post-thumbnail","hentry","category-internacionales"],"_links":{"self":[{"href":"https:\/\/masquenoticiastucuman.com.ar\/index.php?rest_route=\/wp\/v2\/posts\/60344","targetHints":{"allow":["GET"]}}],"collection":[{"href":"https:\/\/masquenoticiastucuman.com.ar\/index.php?rest_route=\/wp\/v2\/posts"}],"about":[{"href":"https:\/\/masquenoticiastucuman.com.ar\/index.php?rest_route=\/wp\/v2\/types\/post"}],"author":[{"embeddable":true,"href":"https:\/\/masquenoticiastucuman.com.ar\/index.php?rest_route=\/wp\/v2\/users\/1"}],"replies":[{"embeddable":true,"href":"https:\/\/masquenoticiastucuman.com.ar\/index.php?rest_route=%2Fwp%2Fv2%2Fcomments&post=60344"}],"version-history":[{"count":0,"href":"https:\/\/masquenoticiastucuman.com.ar\/index.php?rest_route=\/wp\/v2\/posts\/60344\/revisions"}],"wp:featuredmedia":[{"embeddable":true,"href":"https:\/\/masquenoticiastucuman.com.ar\/index.php?rest_route=\/wp\/v2\/media\/60345"}],"wp:attachment":[{"href":"https:\/\/masquenoticiastucuman.com.ar\/index.php?rest_route=%2Fwp%2Fv2%2Fmedia&parent=60344"}],"wp:term":[{"taxonomy":"category","embeddable":true,"href":"https:\/\/masquenoticiastucuman.com.ar\/index.php?rest_route=%2Fwp%2Fv2%2Fcategories&post=60344"},{"taxonomy":"post_tag","embeddable":true,"href":"https:\/\/masquenoticiastucuman.com.ar\/index.php?rest_route=%2Fwp%2Fv2%2Ftags&post=60344"}],"curies":[{"name":"wp","href":"https:\/\/api.w.org\/{rel}","templated":true}]}}