{"id":60348,"date":"2026-04-12T11:20:00","date_gmt":"2026-04-12T14:20:00","guid":{"rendered":"http:\/\/masquenoticiastucuman.com.ar\/?p=60348"},"modified":"2026-04-12T11:20:00","modified_gmt":"2026-04-12T14:20:00","slug":"jude-terry-la-nueva-joya-de-la-mls-tiene-17-anos-hizo-un-golazo-en-su-debut-y-es-seguido-de-cerca-por-estados-unidos-mexico-y-argentina","status":"publish","type":"post","link":"https:\/\/masquenoticiastucuman.com.ar\/?p=60348","title":{"rendered":"Jude Terry, la nueva joya de la MLS: tiene 17 a\u00f1os, hizo un golazo en su debut y es seguido de cerca por Estados Unidos, M\u00e9xico y Argentina"},"content":{"rendered":"<ul>\n<li>Tuvo un inolvidable estreno como titular en Los Angeles FC con un derechazo al \u00e1ngulo en el 1-2 contra Portland Timbers.<\/li>\n<li>Ya es seguido por tres selecciones: hijo de un exfutbolista argentino, tiene triple nacionalidad y todav\u00eda no define qu\u00e9 pa\u00eds representar\u00e1 a nivel mayor.<\/li>\n<\/ul>\n<p>\u200bTuvo un inolvidable estreno como titular en Los Angeles FC con un derechazo al \u00e1ngulo en el 1-2 contra Portland Timbers.Ya es seguido por tres selecciones: hijo de un exfutbolista argentino, tiene triple nacionalidad y todav\u00eda no define qu\u00e9 pa\u00eds representar\u00e1 a nivel mayor.\u00a0<a href=\"https:\/\/www.clarin.com\/deportes\/jude-terry-nueva-joya-mls-17-anos-hizo-golazo-debut-seguido-cerca-estados-unidos-mexico-argentina_0_mDitkRei0u.html\" target=\"_blank\" class=\"feedzy-rss-link-icon\">Read More<\/a><\/p>","protected":false},"excerpt":{"rendered":"<p>Tuvo un inolvidable estreno como titular en Los Angeles FC con un derechazo al \u00e1ngulo&#8230;<\/p>\n","protected":false},"author":1,"featured_media":0,"comment_status":"open","ping_status":"open","sticky":false,"template":"","format":"standard","meta":{"footnotes":""},"categories":[6],"tags":[],"class_list":["post-60348","post","type-post","status-publish","format-standard","has-post-thumbnail","hentry","category-deportes"],"_links":{"self":[{"href":"https:\/\/masquenoticiastucuman.com.ar\/index.php?rest_route=\/wp\/v2\/posts\/60348","targetHints":{"allow":["GET"]}}],"collection":[{"href":"https:\/\/masquenoticiastucuman.com.ar\/index.php?rest_route=\/wp\/v2\/posts"}],"about":[{"href":"https:\/\/masquenoticiastucuman.com.ar\/index.php?rest_route=\/wp\/v2\/types\/post"}],"author":[{"embeddable":true,"href":"https:\/\/masquenoticiastucuman.com.ar\/index.php?rest_route=\/wp\/v2\/users\/1"}],"replies":[{"embeddable":true,"href":"https:\/\/masquenoticiastucuman.com.ar\/index.php?rest_route=%2Fwp%2Fv2%2Fcomments&post=60348"}],"version-history":[{"count":0,"href":"https:\/\/masquenoticiastucuman.com.ar\/index.php?rest_route=\/wp\/v2\/posts\/60348\/revisions"}],"wp:attachment":[{"href":"https:\/\/masquenoticiastucuman.com.ar\/index.php?rest_route=%2Fwp%2Fv2%2Fmedia&parent=60348"}],"wp:term":[{"taxonomy":"category","embeddable":true,"href":"https:\/\/masquenoticiastucuman.com.ar\/index.php?rest_route=%2Fwp%2Fv2%2Fcategories&post=60348"},{"taxonomy":"post_tag","embeddable":true,"href":"https:\/\/masquenoticiastucuman.com.ar\/index.php?rest_route=%2Fwp%2Fv2%2Ftags&post=60348"}],"curies":[{"name":"wp","href":"https:\/\/api.w.org\/{rel}","templated":true}]}}