{"id":60349,"date":"2026-04-12T09:57:13","date_gmt":"2026-04-12T12:57:13","guid":{"rendered":"http:\/\/masquenoticiastucuman.com.ar\/?p=60349"},"modified":"2026-04-12T09:57:13","modified_gmt":"2026-04-12T12:57:13","slug":"dibu-martinez-se-lesiono-en-la-entrada-en-calor-y-se-perdio-el-duelo-entre-aston-villa-y-nottingham-forest-alerta-en-la-seleccion-argentina","status":"publish","type":"post","link":"https:\/\/masquenoticiastucuman.com.ar\/?p=60349","title":{"rendered":"Dibu Mart\u00ednez se lesion\u00f3 en la entrada en calor y se perdi\u00f3 el duelo entre Aston Villa y Nottingham Forest: alerta en la Selecci\u00f3n Argentina"},"content":{"rendered":"<ul>\n<li>El arquero marplatense iba a ser titular, pero sinti\u00f3 una molestia minutos antes del duelo por la Premier League.<\/li>\n<li>Su lugar lo ocup\u00f3 Marco Bizot y llamaron de urgencia a James Wright para que vaya al banco.<\/li>\n<\/ul>\n<p>\u200bEl arquero marplatense iba a ser titular, pero sinti\u00f3 una molestia minutos antes del duelo por la Premier League.Su lugar lo ocup\u00f3 Marco Bizot y llamaron de urgencia a James Wright para que vaya al banco.\u00a0<a href=\"https:\/\/www.clarin.com\/deportes\/dibu-martinez-lesiono-entrada-calor-perdio-duelo-aston-villa-nottingham-forest-alerta-seleccion-argentina_0_3APt4Yzeec.html\" target=\"_blank\" class=\"feedzy-rss-link-icon\">Read More<\/a><\/p>","protected":false},"excerpt":{"rendered":"<p>El arquero marplatense iba a ser titular, pero sinti\u00f3 una molestia minutos antes del duelo&#8230;<\/p>\n","protected":false},"author":1,"featured_media":0,"comment_status":"open","ping_status":"open","sticky":false,"template":"","format":"standard","meta":{"footnotes":""},"categories":[6],"tags":[],"class_list":["post-60349","post","type-post","status-publish","format-standard","has-post-thumbnail","hentry","category-deportes"],"_links":{"self":[{"href":"https:\/\/masquenoticiastucuman.com.ar\/index.php?rest_route=\/wp\/v2\/posts\/60349","targetHints":{"allow":["GET"]}}],"collection":[{"href":"https:\/\/masquenoticiastucuman.com.ar\/index.php?rest_route=\/wp\/v2\/posts"}],"about":[{"href":"https:\/\/masquenoticiastucuman.com.ar\/index.php?rest_route=\/wp\/v2\/types\/post"}],"author":[{"embeddable":true,"href":"https:\/\/masquenoticiastucuman.com.ar\/index.php?rest_route=\/wp\/v2\/users\/1"}],"replies":[{"embeddable":true,"href":"https:\/\/masquenoticiastucuman.com.ar\/index.php?rest_route=%2Fwp%2Fv2%2Fcomments&post=60349"}],"version-history":[{"count":0,"href":"https:\/\/masquenoticiastucuman.com.ar\/index.php?rest_route=\/wp\/v2\/posts\/60349\/revisions"}],"wp:attachment":[{"href":"https:\/\/masquenoticiastucuman.com.ar\/index.php?rest_route=%2Fwp%2Fv2%2Fmedia&parent=60349"}],"wp:term":[{"taxonomy":"category","embeddable":true,"href":"https:\/\/masquenoticiastucuman.com.ar\/index.php?rest_route=%2Fwp%2Fv2%2Fcategories&post=60349"},{"taxonomy":"post_tag","embeddable":true,"href":"https:\/\/masquenoticiastucuman.com.ar\/index.php?rest_route=%2Fwp%2Fv2%2Ftags&post=60349"}],"curies":[{"name":"wp","href":"https:\/\/api.w.org\/{rel}","templated":true}]}}