{"id":60354,"date":"2026-04-12T12:47:16","date_gmt":"2026-04-12T15:47:16","guid":{"rendered":"http:\/\/masquenoticiastucuman.com.ar\/?p=60354"},"modified":"2026-04-12T12:47:16","modified_gmt":"2026-04-12T15:47:16","slug":"guerra-en-medio-oriente-el-papa-afirma-que-esta-mas-cerca-que-nunca-del-querido-pueblo-libanes","status":"publish","type":"post","link":"https:\/\/masquenoticiastucuman.com.ar\/?p=60354","title":{"rendered":"Guerra en Medio Oriente: el Papa afirma que est\u00e1 &#8220;m\u00e1s cerca que nunca del querido pueblo liban\u00e9s&#8221;"},"content":{"rendered":"<ul>\n<li>Le\u00f3n XIV habl\u00f3 ante los fieles en la plaza de San Pedro tras el rezo del Regina Coeli.<\/li>\n<li>Israel volvi\u00f3 a atacar hoy el sur del L\u00edbano, con un saldo de cinco muertos y 25 heridos.<\/li>\n<\/ul>\n<p>\u200bLe\u00f3n XIV habl\u00f3 ante los fieles en la plaza de San Pedro tras el rezo del Regina Coeli.Israel volvi\u00f3 a atacar hoy el sur del L\u00edbano, con un saldo de cinco muertos y 25 heridos.\u00a0<a href=\"https:\/\/www.clarin.com\/mundo\/guerra-medio-oriente-papa-afirma-cerca-querido-pueblo-libanes_0_UbB7WKUSKm.html\" target=\"_blank\" class=\"feedzy-rss-link-icon\">Read More<\/a><\/p>","protected":false},"excerpt":{"rendered":"<p>Le\u00f3n XIV habl\u00f3 ante los fieles en la plaza de San Pedro tras el rezo&#8230;<\/p>\n","protected":false},"author":1,"featured_media":60355,"comment_status":"open","ping_status":"open","sticky":false,"template":"","format":"standard","meta":{"footnotes":""},"categories":[4],"tags":[],"class_list":["post-60354","post","type-post","status-publish","format-standard","has-post-thumbnail","hentry","category-internacionales"],"_links":{"self":[{"href":"https:\/\/masquenoticiastucuman.com.ar\/index.php?rest_route=\/wp\/v2\/posts\/60354","targetHints":{"allow":["GET"]}}],"collection":[{"href":"https:\/\/masquenoticiastucuman.com.ar\/index.php?rest_route=\/wp\/v2\/posts"}],"about":[{"href":"https:\/\/masquenoticiastucuman.com.ar\/index.php?rest_route=\/wp\/v2\/types\/post"}],"author":[{"embeddable":true,"href":"https:\/\/masquenoticiastucuman.com.ar\/index.php?rest_route=\/wp\/v2\/users\/1"}],"replies":[{"embeddable":true,"href":"https:\/\/masquenoticiastucuman.com.ar\/index.php?rest_route=%2Fwp%2Fv2%2Fcomments&post=60354"}],"version-history":[{"count":0,"href":"https:\/\/masquenoticiastucuman.com.ar\/index.php?rest_route=\/wp\/v2\/posts\/60354\/revisions"}],"wp:featuredmedia":[{"embeddable":true,"href":"https:\/\/masquenoticiastucuman.com.ar\/index.php?rest_route=\/wp\/v2\/media\/60355"}],"wp:attachment":[{"href":"https:\/\/masquenoticiastucuman.com.ar\/index.php?rest_route=%2Fwp%2Fv2%2Fmedia&parent=60354"}],"wp:term":[{"taxonomy":"category","embeddable":true,"href":"https:\/\/masquenoticiastucuman.com.ar\/index.php?rest_route=%2Fwp%2Fv2%2Fcategories&post=60354"},{"taxonomy":"post_tag","embeddable":true,"href":"https:\/\/masquenoticiastucuman.com.ar\/index.php?rest_route=%2Fwp%2Fv2%2Ftags&post=60354"}],"curies":[{"name":"wp","href":"https:\/\/api.w.org\/{rel}","templated":true}]}}