{"id":60356,"date":"2026-04-12T12:38:46","date_gmt":"2026-04-12T15:38:46","guid":{"rendered":"http:\/\/masquenoticiastucuman.com.ar\/?p=60356"},"modified":"2026-04-12T12:38:46","modified_gmt":"2026-04-12T15:38:46","slug":"trump-aseguro-que-iran-no-tiene-mas-opciones-que-ceder-para-alcanzar-un-acuerdo-de-paz-volveran-y-nos-daran-todo-lo-que-queremos","status":"publish","type":"post","link":"https:\/\/masquenoticiastucuman.com.ar\/?p=60356","title":{"rendered":"Trump asegur\u00f3 que Ir\u00e1n no tiene m\u00e1s opciones que ceder para alcanzar un acuerdo de paz: &#8220;Volver\u00e1n y nos dar\u00e1n todo lo que queremos&#8221;"},"content":{"rendered":"<ul>\n<li>El presidente de los Estados Unidos sostuvo que el r\u00e9gimen de Khamenei est\u00e1 obligado a aceptar sus condiciones y reiter\u00f3 su amenaza de destruir el pa\u00eds en una noche.<\/li>\n<\/ul>\n<p>\u200bEl presidente de los Estados Unidos sostuvo que el r\u00e9gimen de Khamenei est\u00e1 obligado a aceptar sus condiciones y reiter\u00f3 su amenaza de destruir el pa\u00eds en una noche.\u00a0<a href=\"https:\/\/www.clarin.com\/mundo\/trump-aseguro-iran-opciones-ceder-alcanzar-acuerdo-paz-volveran-daran-queremos_0_9rOXvcFeiw.html\" target=\"_blank\" class=\"feedzy-rss-link-icon\">Read More<\/a><\/p>","protected":false},"excerpt":{"rendered":"<p>El presidente de los Estados Unidos sostuvo que el r\u00e9gimen de Khamenei est\u00e1 obligado a&#8230;<\/p>\n","protected":false},"author":1,"featured_media":60357,"comment_status":"open","ping_status":"open","sticky":false,"template":"","format":"standard","meta":{"footnotes":""},"categories":[4],"tags":[],"class_list":["post-60356","post","type-post","status-publish","format-standard","has-post-thumbnail","hentry","category-internacionales"],"_links":{"self":[{"href":"https:\/\/masquenoticiastucuman.com.ar\/index.php?rest_route=\/wp\/v2\/posts\/60356","targetHints":{"allow":["GET"]}}],"collection":[{"href":"https:\/\/masquenoticiastucuman.com.ar\/index.php?rest_route=\/wp\/v2\/posts"}],"about":[{"href":"https:\/\/masquenoticiastucuman.com.ar\/index.php?rest_route=\/wp\/v2\/types\/post"}],"author":[{"embeddable":true,"href":"https:\/\/masquenoticiastucuman.com.ar\/index.php?rest_route=\/wp\/v2\/users\/1"}],"replies":[{"embeddable":true,"href":"https:\/\/masquenoticiastucuman.com.ar\/index.php?rest_route=%2Fwp%2Fv2%2Fcomments&post=60356"}],"version-history":[{"count":0,"href":"https:\/\/masquenoticiastucuman.com.ar\/index.php?rest_route=\/wp\/v2\/posts\/60356\/revisions"}],"wp:featuredmedia":[{"embeddable":true,"href":"https:\/\/masquenoticiastucuman.com.ar\/index.php?rest_route=\/wp\/v2\/media\/60357"}],"wp:attachment":[{"href":"https:\/\/masquenoticiastucuman.com.ar\/index.php?rest_route=%2Fwp%2Fv2%2Fmedia&parent=60356"}],"wp:term":[{"taxonomy":"category","embeddable":true,"href":"https:\/\/masquenoticiastucuman.com.ar\/index.php?rest_route=%2Fwp%2Fv2%2Fcategories&post=60356"},{"taxonomy":"post_tag","embeddable":true,"href":"https:\/\/masquenoticiastucuman.com.ar\/index.php?rest_route=%2Fwp%2Fv2%2Ftags&post=60356"}],"curies":[{"name":"wp","href":"https:\/\/api.w.org\/{rel}","templated":true}]}}