{"id":60359,"date":"2026-04-12T13:44:21","date_gmt":"2026-04-12T16:44:21","guid":{"rendered":"http:\/\/masquenoticiastucuman.com.ar\/?p=60359"},"modified":"2026-04-12T13:44:21","modified_gmt":"2026-04-12T16:44:21","slug":"el-efecto-demichelis-empieza-a-dar-resultados-mallorca-goleo-a-rayo-vallecano-y-salio-del-descenso-en-laliga-de-espana","status":"publish","type":"post","link":"https:\/\/masquenoticiastucuman.com.ar\/?p=60359","title":{"rendered":"El efecto Demichelis empieza a dar resultados: Mallorca gole\u00f3 a Rayo Vallecano y sali\u00f3 del descenso en LaLiga de Espa\u00f1a"},"content":{"rendered":"<ul>\n<li>Con un doblete del kosovar Muriqi, el equipo balear gan\u00f3 3-0 y tom\u00f3 aire.<\/li>\n<li>Desde la llegada del DT argentino, el equipo muestra una clara mejora en juego y resultados.<\/li>\n<\/ul>\n<p>\u200bCon un doblete del kosovar Muriqi, el equipo balear gan\u00f3 3-0 y tom\u00f3 aire.Desde la llegada del DT argentino, el equipo muestra una clara mejora en juego y resultados.\u00a0<a href=\"https:\/\/www.clarin.com\/deportes\/efecto-demichelis-empieza-dar-resultados-mallorca-goleo-rayo-vallecano-salio-descenso-laliga-espana_0_MuAES9zt0G.html\" target=\"_blank\" class=\"feedzy-rss-link-icon\">Read More<\/a><\/p>","protected":false},"excerpt":{"rendered":"<p>Con un doblete del kosovar Muriqi, el equipo balear gan\u00f3 3-0 y tom\u00f3 aire. Desde&#8230;<\/p>\n","protected":false},"author":1,"featured_media":0,"comment_status":"open","ping_status":"open","sticky":false,"template":"","format":"standard","meta":{"footnotes":""},"categories":[6],"tags":[],"class_list":["post-60359","post","type-post","status-publish","format-standard","has-post-thumbnail","hentry","category-deportes"],"_links":{"self":[{"href":"https:\/\/masquenoticiastucuman.com.ar\/index.php?rest_route=\/wp\/v2\/posts\/60359","targetHints":{"allow":["GET"]}}],"collection":[{"href":"https:\/\/masquenoticiastucuman.com.ar\/index.php?rest_route=\/wp\/v2\/posts"}],"about":[{"href":"https:\/\/masquenoticiastucuman.com.ar\/index.php?rest_route=\/wp\/v2\/types\/post"}],"author":[{"embeddable":true,"href":"https:\/\/masquenoticiastucuman.com.ar\/index.php?rest_route=\/wp\/v2\/users\/1"}],"replies":[{"embeddable":true,"href":"https:\/\/masquenoticiastucuman.com.ar\/index.php?rest_route=%2Fwp%2Fv2%2Fcomments&post=60359"}],"version-history":[{"count":0,"href":"https:\/\/masquenoticiastucuman.com.ar\/index.php?rest_route=\/wp\/v2\/posts\/60359\/revisions"}],"wp:attachment":[{"href":"https:\/\/masquenoticiastucuman.com.ar\/index.php?rest_route=%2Fwp%2Fv2%2Fmedia&parent=60359"}],"wp:term":[{"taxonomy":"category","embeddable":true,"href":"https:\/\/masquenoticiastucuman.com.ar\/index.php?rest_route=%2Fwp%2Fv2%2Fcategories&post=60359"},{"taxonomy":"post_tag","embeddable":true,"href":"https:\/\/masquenoticiastucuman.com.ar\/index.php?rest_route=%2Fwp%2Fv2%2Ftags&post=60359"}],"curies":[{"name":"wp","href":"https:\/\/api.w.org\/{rel}","templated":true}]}}