{"id":60365,"date":"2026-04-12T14:47:22","date_gmt":"2026-04-12T17:47:22","guid":{"rendered":"http:\/\/masquenoticiastucuman.com.ar\/?p=60365"},"modified":"2026-04-12T14:47:22","modified_gmt":"2026-04-12T17:47:22","slug":"a-la-barbarossa-cumple-mil-programas-y-georgina-ya-suena-con-los-10-000-si-mirtha-sigue-conduciendo-por-que-yo-no","status":"publish","type":"post","link":"https:\/\/masquenoticiastucuman.com.ar\/?p=60365","title":{"rendered":"&#8220;A la Barbarossa&#8221; cumple mil programas y Georgina ya sue\u00f1a con los 10.000: &#8220;Si Mirtha sigue conduciendo \u00bfpor qu\u00e9 yo no?&#8221;"},"content":{"rendered":"<ul>\n<li>La conductora de Telefe charl\u00f3 con<strong> Clar\u00edn <\/strong>sobre la emoci\u00f3n que le genera el festejo que se vivir\u00e1 al aire este lunes 13 de abril y promete sorpresas.<\/li>\n<li>Adem\u00e1s revel\u00f3 cu\u00e1les son las claves para dominar la franja matutina de la TV, con un ciclo con todos los matices.<\/li>\n<\/ul>\n<p>\u200bLa conductora de Telefe charl\u00f3 con Clar\u00edn sobre la emoci\u00f3n que le genera el festejo que se vivir\u00e1 al aire este lunes 13 de abril y promete sorpresas.Adem\u00e1s revel\u00f3 cu\u00e1les son las claves para dominar la franja matutina de la TV, con un ciclo con todos los matices.\u00a0<a href=\"https:\/\/www.clarin.com\/espectaculos\/barbarossa-cumple-mil-programas-georgina-suena-10000-mirtha-sigue-conduciendo_0_tcVCQ8cFX5.html\" target=\"_blank\" class=\"feedzy-rss-link-icon\">Read More<\/a><\/p>","protected":false},"excerpt":{"rendered":"<p>La conductora de Telefe charl\u00f3 con Clar\u00edn sobre la emoci\u00f3n que le genera el festejo&#8230;<\/p>\n","protected":false},"author":1,"featured_media":0,"comment_status":"open","ping_status":"open","sticky":false,"template":"","format":"standard","meta":{"footnotes":""},"categories":[5],"tags":[],"class_list":["post-60365","post","type-post","status-publish","format-standard","has-post-thumbnail","hentry","category-espectaculo"],"_links":{"self":[{"href":"https:\/\/masquenoticiastucuman.com.ar\/index.php?rest_route=\/wp\/v2\/posts\/60365","targetHints":{"allow":["GET"]}}],"collection":[{"href":"https:\/\/masquenoticiastucuman.com.ar\/index.php?rest_route=\/wp\/v2\/posts"}],"about":[{"href":"https:\/\/masquenoticiastucuman.com.ar\/index.php?rest_route=\/wp\/v2\/types\/post"}],"author":[{"embeddable":true,"href":"https:\/\/masquenoticiastucuman.com.ar\/index.php?rest_route=\/wp\/v2\/users\/1"}],"replies":[{"embeddable":true,"href":"https:\/\/masquenoticiastucuman.com.ar\/index.php?rest_route=%2Fwp%2Fv2%2Fcomments&post=60365"}],"version-history":[{"count":0,"href":"https:\/\/masquenoticiastucuman.com.ar\/index.php?rest_route=\/wp\/v2\/posts\/60365\/revisions"}],"wp:attachment":[{"href":"https:\/\/masquenoticiastucuman.com.ar\/index.php?rest_route=%2Fwp%2Fv2%2Fmedia&parent=60365"}],"wp:term":[{"taxonomy":"category","embeddable":true,"href":"https:\/\/masquenoticiastucuman.com.ar\/index.php?rest_route=%2Fwp%2Fv2%2Fcategories&post=60365"},{"taxonomy":"post_tag","embeddable":true,"href":"https:\/\/masquenoticiastucuman.com.ar\/index.php?rest_route=%2Fwp%2Fv2%2Ftags&post=60365"}],"curies":[{"name":"wp","href":"https:\/\/api.w.org\/{rel}","templated":true}]}}