{"id":60368,"date":"2026-04-12T17:06:15","date_gmt":"2026-04-12T20:06:15","guid":{"rendered":"http:\/\/masquenoticiastucuman.com.ar\/?p=60368"},"modified":"2026-04-12T17:06:15","modified_gmt":"2026-04-12T20:06:15","slug":"el-consumo-no-despega-pero-llegan-mas-marcas-extranjeras-aseguran-que-el-el-momento-es-ahora","status":"publish","type":"post","link":"https:\/\/masquenoticiastucuman.com.ar\/?p=60368","title":{"rendered":"El consumo no despega, pero llegan m\u00e1s marcas extranjeras: aseguran que el el momento es ahora"},"content":{"rendered":"<ul>\n<li>El fen\u00f3meno se ampl\u00eda todos los meses con nuevos casos.<\/li>\n<li>Dicen que Argentina est\u00e1 m\u00e1s cerca de estabilizar las variables macro y con perspectiva de reglas m\u00e1s claras.<\/li>\n<li>Y que es m\u00e1s f\u00e1cil negociar alquileres comerciales, aprovechando la cantidad de locales vac\u00edos, especialmente, en avenidas estrat\u00e9gicas.<\/li>\n<\/ul>\n<p>\u200bEl fen\u00f3meno se ampl\u00eda todos los meses con nuevos casos.Dicen que Argentina est\u00e1 m\u00e1s cerca de estabilizar las variables macro y con perspectiva de reglas m\u00e1s claras.Y que es m\u00e1s f\u00e1cil negociar alquileres comerciales, aprovechando la cantidad de locales vac\u00edos, especialmente, en avenidas estrat\u00e9gicas.\u00a0<a href=\"https:\/\/www.clarin.com\/economia\/consumo-despega-llegan-marcas-extranjeras-aseguran-momento-ahora_0_lWICWNueIA.html\" target=\"_blank\" class=\"feedzy-rss-link-icon\">Read More<\/a><\/p>","protected":false},"excerpt":{"rendered":"<p>El fen\u00f3meno se ampl\u00eda todos los meses con nuevos casos. Dicen que Argentina est\u00e1 m\u00e1s&#8230;<\/p>\n","protected":false},"author":1,"featured_media":0,"comment_status":"open","ping_status":"open","sticky":false,"template":"","format":"standard","meta":{"footnotes":""},"categories":[3],"tags":[],"class_list":["post-60368","post","type-post","status-publish","format-standard","has-post-thumbnail","hentry","category-nacionales"],"_links":{"self":[{"href":"https:\/\/masquenoticiastucuman.com.ar\/index.php?rest_route=\/wp\/v2\/posts\/60368","targetHints":{"allow":["GET"]}}],"collection":[{"href":"https:\/\/masquenoticiastucuman.com.ar\/index.php?rest_route=\/wp\/v2\/posts"}],"about":[{"href":"https:\/\/masquenoticiastucuman.com.ar\/index.php?rest_route=\/wp\/v2\/types\/post"}],"author":[{"embeddable":true,"href":"https:\/\/masquenoticiastucuman.com.ar\/index.php?rest_route=\/wp\/v2\/users\/1"}],"replies":[{"embeddable":true,"href":"https:\/\/masquenoticiastucuman.com.ar\/index.php?rest_route=%2Fwp%2Fv2%2Fcomments&post=60368"}],"version-history":[{"count":0,"href":"https:\/\/masquenoticiastucuman.com.ar\/index.php?rest_route=\/wp\/v2\/posts\/60368\/revisions"}],"wp:attachment":[{"href":"https:\/\/masquenoticiastucuman.com.ar\/index.php?rest_route=%2Fwp%2Fv2%2Fmedia&parent=60368"}],"wp:term":[{"taxonomy":"category","embeddable":true,"href":"https:\/\/masquenoticiastucuman.com.ar\/index.php?rest_route=%2Fwp%2Fv2%2Fcategories&post=60368"},{"taxonomy":"post_tag","embeddable":true,"href":"https:\/\/masquenoticiastucuman.com.ar\/index.php?rest_route=%2Fwp%2Fv2%2Ftags&post=60368"}],"curies":[{"name":"wp","href":"https:\/\/api.w.org\/{rel}","templated":true}]}}