{"id":60371,"date":"2026-04-12T16:56:23","date_gmt":"2026-04-12T19:56:23","guid":{"rendered":"http:\/\/masquenoticiastucuman.com.ar\/?p=60371"},"modified":"2026-04-12T16:56:23","modified_gmt":"2026-04-12T19:56:23","slug":"peter-magyar-un-ex-miembro-del-partido-de-viktor-orban-que-busca-enterrar-el-populismo-en-hungria","status":"publish","type":"post","link":"https:\/\/masquenoticiastucuman.com.ar\/?p=60371","title":{"rendered":"Peter Magyar, un ex miembro del partido de Viktor Orb\u00e1n que busca enterrar el populismo en Hungr\u00eda"},"content":{"rendered":"<ul>\n<li>H\u00e1bil comunicador, tanto en redes sociales como en campa\u00f1a, el conservador de 45 a\u00f1os promete un cambio, desmantelando &#8220;ladrillo a ladrillo&#8221; todo el sistema pol\u00edtico del l\u00edder populista.<\/li>\n<li>&#8220;En cierta manera, Magyar es como Orb\u00e1n hace 20 a\u00f1os sin todo el equipaje, la corrupci\u00f3n y los errores en el poder&#8221;, dice un analista.<\/li>\n<\/ul>\n<p>\u200bH\u00e1bil comunicador, tanto en redes sociales como en campa\u00f1a, el conservador de 45 a\u00f1os promete un cambio, desmantelando &#8220;ladrillo a ladrillo&#8221; todo el sistema pol\u00edtico del l\u00edder populista.&#8221;En cierta manera, Magyar es como Orb\u00e1n hace 20 a\u00f1os sin todo el equipaje, la corrupci\u00f3n y los errores en el poder&#8221;, dice un analista.\u00a0<a href=\"https:\/\/www.clarin.com\/mundo\/peter-magyar-ex-miembro-partido-viktor-orban-busca-enterrar-populismo-hungria_0_zuQ8KzNxnc.html\" target=\"_blank\" class=\"feedzy-rss-link-icon\">Read More<\/a><\/p>","protected":false},"excerpt":{"rendered":"<p>H\u00e1bil comunicador, tanto en redes sociales como en campa\u00f1a, el conservador de 45 a\u00f1os promete&#8230;<\/p>\n","protected":false},"author":1,"featured_media":60372,"comment_status":"open","ping_status":"open","sticky":false,"template":"","format":"standard","meta":{"footnotes":""},"categories":[4],"tags":[],"class_list":["post-60371","post","type-post","status-publish","format-standard","has-post-thumbnail","hentry","category-internacionales"],"_links":{"self":[{"href":"https:\/\/masquenoticiastucuman.com.ar\/index.php?rest_route=\/wp\/v2\/posts\/60371","targetHints":{"allow":["GET"]}}],"collection":[{"href":"https:\/\/masquenoticiastucuman.com.ar\/index.php?rest_route=\/wp\/v2\/posts"}],"about":[{"href":"https:\/\/masquenoticiastucuman.com.ar\/index.php?rest_route=\/wp\/v2\/types\/post"}],"author":[{"embeddable":true,"href":"https:\/\/masquenoticiastucuman.com.ar\/index.php?rest_route=\/wp\/v2\/users\/1"}],"replies":[{"embeddable":true,"href":"https:\/\/masquenoticiastucuman.com.ar\/index.php?rest_route=%2Fwp%2Fv2%2Fcomments&post=60371"}],"version-history":[{"count":0,"href":"https:\/\/masquenoticiastucuman.com.ar\/index.php?rest_route=\/wp\/v2\/posts\/60371\/revisions"}],"wp:featuredmedia":[{"embeddable":true,"href":"https:\/\/masquenoticiastucuman.com.ar\/index.php?rest_route=\/wp\/v2\/media\/60372"}],"wp:attachment":[{"href":"https:\/\/masquenoticiastucuman.com.ar\/index.php?rest_route=%2Fwp%2Fv2%2Fmedia&parent=60371"}],"wp:term":[{"taxonomy":"category","embeddable":true,"href":"https:\/\/masquenoticiastucuman.com.ar\/index.php?rest_route=%2Fwp%2Fv2%2Fcategories&post=60371"},{"taxonomy":"post_tag","embeddable":true,"href":"https:\/\/masquenoticiastucuman.com.ar\/index.php?rest_route=%2Fwp%2Fv2%2Ftags&post=60371"}],"curies":[{"name":"wp","href":"https:\/\/api.w.org\/{rel}","templated":true}]}}