{"id":60373,"date":"2026-04-12T16:36:05","date_gmt":"2026-04-12T19:36:05","guid":{"rendered":"http:\/\/masquenoticiastucuman.com.ar\/?p=60373"},"modified":"2026-04-12T16:36:05","modified_gmt":"2026-04-12T19:36:05","slug":"los-cuestionamientos-a-manuel-adorni-llegan-a-espana-donde-ya-lo-comparan-con-el-caso-de-un-ministro-de-pedro-sanchez-preso","status":"publish","type":"post","link":"https:\/\/masquenoticiastucuman.com.ar\/?p=60373","title":{"rendered":"Los cuestionamientos a Manuel Adorni llegan a Espa\u00f1a, donde ya lo comparan con el caso de un ministro de Pedro S\u00e1nchez preso"},"content":{"rendered":"<ul>\n<li>&#8220;Milei ya tiene su \u00c1balos&#8221;, titul\u00f3 el diario online El Espa\u00f1ol. <\/li>\n<li>Jos\u00e9 Luis \u00c1balos, referente del PSOE, detenido por corrupci\u00f3n cuando manejaba el Ministerio de Transportes.<\/li>\n<\/ul>\n<p>\u200b&#8221;Milei ya tiene su \u00c1balos&#8221;, titul\u00f3 el diario online El Espa\u00f1ol. Jos\u00e9 Luis \u00c1balos, referente del PSOE, detenido por corrupci\u00f3n cuando manejaba el Ministerio de Transportes.\u00a0<a href=\"https:\/\/www.clarin.com\/mundo\/cuestionamientos-manuel-adorni-llegan-espana-comparan-caso-ministro-pedro-sanchez-preso_0_OP639Fuq1K.html\" target=\"_blank\" class=\"feedzy-rss-link-icon\">Read More<\/a><\/p>","protected":false},"excerpt":{"rendered":"<p>&#8220;Milei ya tiene su \u00c1balos&#8221;, titul\u00f3 el diario online El Espa\u00f1ol. Jos\u00e9 Luis \u00c1balos, referente&#8230;<\/p>\n","protected":false},"author":1,"featured_media":60374,"comment_status":"open","ping_status":"open","sticky":false,"template":"","format":"standard","meta":{"footnotes":""},"categories":[4],"tags":[],"class_list":["post-60373","post","type-post","status-publish","format-standard","has-post-thumbnail","hentry","category-internacionales"],"_links":{"self":[{"href":"https:\/\/masquenoticiastucuman.com.ar\/index.php?rest_route=\/wp\/v2\/posts\/60373","targetHints":{"allow":["GET"]}}],"collection":[{"href":"https:\/\/masquenoticiastucuman.com.ar\/index.php?rest_route=\/wp\/v2\/posts"}],"about":[{"href":"https:\/\/masquenoticiastucuman.com.ar\/index.php?rest_route=\/wp\/v2\/types\/post"}],"author":[{"embeddable":true,"href":"https:\/\/masquenoticiastucuman.com.ar\/index.php?rest_route=\/wp\/v2\/users\/1"}],"replies":[{"embeddable":true,"href":"https:\/\/masquenoticiastucuman.com.ar\/index.php?rest_route=%2Fwp%2Fv2%2Fcomments&post=60373"}],"version-history":[{"count":0,"href":"https:\/\/masquenoticiastucuman.com.ar\/index.php?rest_route=\/wp\/v2\/posts\/60373\/revisions"}],"wp:featuredmedia":[{"embeddable":true,"href":"https:\/\/masquenoticiastucuman.com.ar\/index.php?rest_route=\/wp\/v2\/media\/60374"}],"wp:attachment":[{"href":"https:\/\/masquenoticiastucuman.com.ar\/index.php?rest_route=%2Fwp%2Fv2%2Fmedia&parent=60373"}],"wp:term":[{"taxonomy":"category","embeddable":true,"href":"https:\/\/masquenoticiastucuman.com.ar\/index.php?rest_route=%2Fwp%2Fv2%2Fcategories&post=60373"},{"taxonomy":"post_tag","embeddable":true,"href":"https:\/\/masquenoticiastucuman.com.ar\/index.php?rest_route=%2Fwp%2Fv2%2Ftags&post=60373"}],"curies":[{"name":"wp","href":"https:\/\/api.w.org\/{rel}","templated":true}]}}