{"id":60376,"date":"2026-04-12T16:58:05","date_gmt":"2026-04-12T19:58:05","guid":{"rendered":"http:\/\/masquenoticiastucuman.com.ar\/?p=60376"},"modified":"2026-04-12T16:58:05","modified_gmt":"2026-04-12T19:58:05","slug":"nico-paz-el-mago-argentino-del-como-otro-golazo-a-puro-talento-contra-el-inter-sin-el-lesionado-lautaro-martinez","status":"publish","type":"post","link":"https:\/\/masquenoticiastucuman.com.ar\/?p=60376","title":{"rendered":"Nico Paz, el mago argentino del Como: otro golazo a puro talento contra el Inter, sin el lesionado Lautaro Mart\u00ednez"},"content":{"rendered":"<ul>\n<li>El mediocampista, una fija para la Selecci\u00f3n Argentina en el Mundial 2026, convirti\u00f3 el 2-0 parcial.<\/li>\n<li>Mir\u00e1 el video.<\/li>\n<\/ul>\n<p>\u200bEl mediocampista, una fija para la Selecci\u00f3n Argentina en el Mundial 2026, convirti\u00f3 el 2-0 parcial.Mir\u00e1 el video.\u00a0<a href=\"https:\/\/www.clarin.com\/deportes\/nico-paz-mago-argentino-golazo-puro-talento-inter-lesionado-lautaro-martinez_0_nn74uHQ03p.html\" target=\"_blank\" class=\"feedzy-rss-link-icon\">Read More<\/a><\/p>","protected":false},"excerpt":{"rendered":"<p>El mediocampista, una fija para la Selecci\u00f3n Argentina en el Mundial 2026, convirti\u00f3 el 2-0&#8230;<\/p>\n","protected":false},"author":1,"featured_media":0,"comment_status":"open","ping_status":"open","sticky":false,"template":"","format":"standard","meta":{"footnotes":""},"categories":[6],"tags":[],"class_list":["post-60376","post","type-post","status-publish","format-standard","has-post-thumbnail","hentry","category-deportes"],"_links":{"self":[{"href":"https:\/\/masquenoticiastucuman.com.ar\/index.php?rest_route=\/wp\/v2\/posts\/60376","targetHints":{"allow":["GET"]}}],"collection":[{"href":"https:\/\/masquenoticiastucuman.com.ar\/index.php?rest_route=\/wp\/v2\/posts"}],"about":[{"href":"https:\/\/masquenoticiastucuman.com.ar\/index.php?rest_route=\/wp\/v2\/types\/post"}],"author":[{"embeddable":true,"href":"https:\/\/masquenoticiastucuman.com.ar\/index.php?rest_route=\/wp\/v2\/users\/1"}],"replies":[{"embeddable":true,"href":"https:\/\/masquenoticiastucuman.com.ar\/index.php?rest_route=%2Fwp%2Fv2%2Fcomments&post=60376"}],"version-history":[{"count":0,"href":"https:\/\/masquenoticiastucuman.com.ar\/index.php?rest_route=\/wp\/v2\/posts\/60376\/revisions"}],"wp:attachment":[{"href":"https:\/\/masquenoticiastucuman.com.ar\/index.php?rest_route=%2Fwp%2Fv2%2Fmedia&parent=60376"}],"wp:term":[{"taxonomy":"category","embeddable":true,"href":"https:\/\/masquenoticiastucuman.com.ar\/index.php?rest_route=%2Fwp%2Fv2%2Fcategories&post=60376"},{"taxonomy":"post_tag","embeddable":true,"href":"https:\/\/masquenoticiastucuman.com.ar\/index.php?rest_route=%2Fwp%2Fv2%2Ftags&post=60376"}],"curies":[{"name":"wp","href":"https:\/\/api.w.org\/{rel}","templated":true}]}}