{"id":60377,"date":"2026-04-12T16:46:15","date_gmt":"2026-04-12T19:46:15","guid":{"rendered":"http:\/\/masquenoticiastucuman.com.ar\/?p=60377"},"modified":"2026-04-12T16:46:15","modified_gmt":"2026-04-12T19:46:15","slug":"escandalo-en-estudiantes-de-rio-cuarto-el-peor-equipo-de-la-liga-profesional-la-dirigencia-aparto-a-un-grupo-de-jugadores-por-falta-de-compromiso","status":"publish","type":"post","link":"https:\/\/masquenoticiastucuman.com.ar\/?p=60377","title":{"rendered":"Esc\u00e1ndalo en Estudiantes de R\u00edo Cuarto, el peor equipo de la Liga Profesional: la dirigencia apart\u00f3 a un grupo de jugadores por &#8220;falta de compromiso&#8221;"},"content":{"rendered":"<ul>\n<li>Fue despu\u00e9s de la derrota contra Barracas Central, por la fecha 14.<\/li>\n<li>Mir\u00e1 el comunicado.<\/li>\n<\/ul>\n<p>\u200bFue despu\u00e9s de la derrota contra Barracas Central, por la fecha 14.Mir\u00e1 el comunicado.\u00a0<a href=\"https:\/\/www.clarin.com\/deportes\/escandalo-estudiantes-rio-cuarto-peor-equipo-liga-profesional-dirigencia-aparto-grupo-jugadores-falta-compromiso_0_oGyJ8dzMlB.html\" target=\"_blank\" class=\"feedzy-rss-link-icon\">Read More<\/a><\/p>","protected":false},"excerpt":{"rendered":"<p>Fue despu\u00e9s de la derrota contra Barracas Central, por la fecha 14. Mir\u00e1 el comunicado&#8230;.<\/p>\n","protected":false},"author":1,"featured_media":0,"comment_status":"open","ping_status":"open","sticky":false,"template":"","format":"standard","meta":{"footnotes":""},"categories":[6],"tags":[],"class_list":["post-60377","post","type-post","status-publish","format-standard","has-post-thumbnail","hentry","category-deportes"],"_links":{"self":[{"href":"https:\/\/masquenoticiastucuman.com.ar\/index.php?rest_route=\/wp\/v2\/posts\/60377","targetHints":{"allow":["GET"]}}],"collection":[{"href":"https:\/\/masquenoticiastucuman.com.ar\/index.php?rest_route=\/wp\/v2\/posts"}],"about":[{"href":"https:\/\/masquenoticiastucuman.com.ar\/index.php?rest_route=\/wp\/v2\/types\/post"}],"author":[{"embeddable":true,"href":"https:\/\/masquenoticiastucuman.com.ar\/index.php?rest_route=\/wp\/v2\/users\/1"}],"replies":[{"embeddable":true,"href":"https:\/\/masquenoticiastucuman.com.ar\/index.php?rest_route=%2Fwp%2Fv2%2Fcomments&post=60377"}],"version-history":[{"count":0,"href":"https:\/\/masquenoticiastucuman.com.ar\/index.php?rest_route=\/wp\/v2\/posts\/60377\/revisions"}],"wp:attachment":[{"href":"https:\/\/masquenoticiastucuman.com.ar\/index.php?rest_route=%2Fwp%2Fv2%2Fmedia&parent=60377"}],"wp:term":[{"taxonomy":"category","embeddable":true,"href":"https:\/\/masquenoticiastucuman.com.ar\/index.php?rest_route=%2Fwp%2Fv2%2Fcategories&post=60377"},{"taxonomy":"post_tag","embeddable":true,"href":"https:\/\/masquenoticiastucuman.com.ar\/index.php?rest_route=%2Fwp%2Fv2%2Ftags&post=60377"}],"curies":[{"name":"wp","href":"https:\/\/api.w.org\/{rel}","templated":true}]}}