{"id":60379,"date":"2026-04-12T19:02:48","date_gmt":"2026-04-12T22:02:48","guid":{"rendered":"http:\/\/masquenoticiastucuman.com.ar\/?p=60379"},"modified":"2026-04-12T19:02:48","modified_gmt":"2026-04-12T22:02:48","slug":"un-ano-despues-del-acuerdo-con-el-fmi-caputo-vuelve-a-washington-para-destrabar-us-1-000-millones","status":"publish","type":"post","link":"https:\/\/masquenoticiastucuman.com.ar\/?p=60379","title":{"rendered":"Un a\u00f1o despu\u00e9s del acuerdo con el FMI, Caputo vuelve a Washington para destrabar US$ 1.000 millones"},"content":{"rendered":"<ul>\n<li>El ministro viaja el martes a la reuni\u00f3n de primavera del Fondo.<\/li>\n<li>El desembolso se demora, pero Estados Unidos ratific\u00f3 su apoyo.<\/li>\n<li>Caputo busca relajar la meta de reservas para evitar m\u00e1s incumplimientos.<\/li>\n<\/ul>\n<p>\u200bEl ministro viaja el martes a la reuni\u00f3n de primavera del Fondo.El desembolso se demora, pero Estados Unidos ratific\u00f3 su apoyo.Caputo busca relajar la meta de reservas para evitar m\u00e1s incumplimientos.\u00a0<a href=\"https:\/\/www.clarin.com\/economia\/ano-despues-acuerdo-fmi-caputo-vuelve-washington-destrabar-us-1000-millones_0_rIokosIHMg.html\" target=\"_blank\" class=\"feedzy-rss-link-icon\">Read More<\/a><\/p>","protected":false},"excerpt":{"rendered":"<p>El ministro viaja el martes a la reuni\u00f3n de primavera del Fondo. El desembolso se&#8230;<\/p>\n","protected":false},"author":1,"featured_media":0,"comment_status":"open","ping_status":"open","sticky":false,"template":"","format":"standard","meta":{"footnotes":""},"categories":[3],"tags":[],"class_list":["post-60379","post","type-post","status-publish","format-standard","has-post-thumbnail","hentry","category-nacionales"],"_links":{"self":[{"href":"https:\/\/masquenoticiastucuman.com.ar\/index.php?rest_route=\/wp\/v2\/posts\/60379","targetHints":{"allow":["GET"]}}],"collection":[{"href":"https:\/\/masquenoticiastucuman.com.ar\/index.php?rest_route=\/wp\/v2\/posts"}],"about":[{"href":"https:\/\/masquenoticiastucuman.com.ar\/index.php?rest_route=\/wp\/v2\/types\/post"}],"author":[{"embeddable":true,"href":"https:\/\/masquenoticiastucuman.com.ar\/index.php?rest_route=\/wp\/v2\/users\/1"}],"replies":[{"embeddable":true,"href":"https:\/\/masquenoticiastucuman.com.ar\/index.php?rest_route=%2Fwp%2Fv2%2Fcomments&post=60379"}],"version-history":[{"count":0,"href":"https:\/\/masquenoticiastucuman.com.ar\/index.php?rest_route=\/wp\/v2\/posts\/60379\/revisions"}],"wp:attachment":[{"href":"https:\/\/masquenoticiastucuman.com.ar\/index.php?rest_route=%2Fwp%2Fv2%2Fmedia&parent=60379"}],"wp:term":[{"taxonomy":"category","embeddable":true,"href":"https:\/\/masquenoticiastucuman.com.ar\/index.php?rest_route=%2Fwp%2Fv2%2Fcategories&post=60379"},{"taxonomy":"post_tag","embeddable":true,"href":"https:\/\/masquenoticiastucuman.com.ar\/index.php?rest_route=%2Fwp%2Fv2%2Ftags&post=60379"}],"curies":[{"name":"wp","href":"https:\/\/api.w.org\/{rel}","templated":true}]}}