{"id":60380,"date":"2026-04-12T19:02:23","date_gmt":"2026-04-12T22:02:23","guid":{"rendered":"http:\/\/masquenoticiastucuman.com.ar\/?p=60380"},"modified":"2026-04-12T19:02:23","modified_gmt":"2026-04-12T22:02:23","slug":"la-guerra-contra-iran-estados-unidos-anuncio-que-el-bloqueo-del-estrecho-de-ormuz-comienza-este-lunes-a-las-11-de-la-manana-de-la-argentina","status":"publish","type":"post","link":"https:\/\/masquenoticiastucuman.com.ar\/?p=60380","title":{"rendered":"La guerra contra Ir\u00e1n: Estados Unidos anunci\u00f3 que el bloqueo del estrecho de Ormuz comienza este lunes a las 11 de la ma\u00f1ana de la Argentina"},"content":{"rendered":"<ul>\n<li>Lo inform\u00f3 el El Comando Central de Estados Unidos. <\/li>\n<li>Donald Trump hab\u00eda ordenado a la Armada cerrar el estrat\u00e9gico paso paso a partir de ma\u00f1ana.<\/li>\n<\/ul>\n<p>\u200bLo inform\u00f3 el El Comando Central de Estados Unidos. Donald Trump hab\u00eda ordenado a la Armada cerrar el estrat\u00e9gico paso paso a partir de ma\u00f1ana.\u00a0<a href=\"https:\/\/www.clarin.com\/mundo\/guerra-iran-estados-unidos-anuncio-bloqueo-estrecho-ormuz-comienza-lunes-11-manana-argentina_0_UZomcI67JF.html\" target=\"_blank\" class=\"feedzy-rss-link-icon\">Read More<\/a><\/p>","protected":false},"excerpt":{"rendered":"<p>Lo inform\u00f3 el El Comando Central de Estados Unidos. Donald Trump hab\u00eda ordenado a la&#8230;<\/p>\n","protected":false},"author":1,"featured_media":60381,"comment_status":"open","ping_status":"open","sticky":false,"template":"","format":"standard","meta":{"footnotes":""},"categories":[4],"tags":[],"class_list":["post-60380","post","type-post","status-publish","format-standard","has-post-thumbnail","hentry","category-internacionales"],"_links":{"self":[{"href":"https:\/\/masquenoticiastucuman.com.ar\/index.php?rest_route=\/wp\/v2\/posts\/60380","targetHints":{"allow":["GET"]}}],"collection":[{"href":"https:\/\/masquenoticiastucuman.com.ar\/index.php?rest_route=\/wp\/v2\/posts"}],"about":[{"href":"https:\/\/masquenoticiastucuman.com.ar\/index.php?rest_route=\/wp\/v2\/types\/post"}],"author":[{"embeddable":true,"href":"https:\/\/masquenoticiastucuman.com.ar\/index.php?rest_route=\/wp\/v2\/users\/1"}],"replies":[{"embeddable":true,"href":"https:\/\/masquenoticiastucuman.com.ar\/index.php?rest_route=%2Fwp%2Fv2%2Fcomments&post=60380"}],"version-history":[{"count":0,"href":"https:\/\/masquenoticiastucuman.com.ar\/index.php?rest_route=\/wp\/v2\/posts\/60380\/revisions"}],"wp:featuredmedia":[{"embeddable":true,"href":"https:\/\/masquenoticiastucuman.com.ar\/index.php?rest_route=\/wp\/v2\/media\/60381"}],"wp:attachment":[{"href":"https:\/\/masquenoticiastucuman.com.ar\/index.php?rest_route=%2Fwp%2Fv2%2Fmedia&parent=60380"}],"wp:term":[{"taxonomy":"category","embeddable":true,"href":"https:\/\/masquenoticiastucuman.com.ar\/index.php?rest_route=%2Fwp%2Fv2%2Fcategories&post=60380"},{"taxonomy":"post_tag","embeddable":true,"href":"https:\/\/masquenoticiastucuman.com.ar\/index.php?rest_route=%2Fwp%2Fv2%2Ftags&post=60380"}],"curies":[{"name":"wp","href":"https:\/\/api.w.org\/{rel}","templated":true}]}}