{"id":60382,"date":"2026-04-12T18:50:13","date_gmt":"2026-04-12T21:50:13","guid":{"rendered":"http:\/\/masquenoticiastucuman.com.ar\/?p=60382"},"modified":"2026-04-12T18:50:13","modified_gmt":"2026-04-12T21:50:13","slug":"la-derrota-de-viktor-orban-en-hungria-la-caida-del-padrino-de-la-extrema-derecha-mundial-y-el-lastre-de-donald-trump","status":"publish","type":"post","link":"https:\/\/masquenoticiastucuman.com.ar\/?p=60382","title":{"rendered":"La derrota de Viktor Orb\u00e1n en Hungr\u00eda: la ca\u00edda del padrino de la extrema derecha mundial y el lastre de Donald Trump"},"content":{"rendered":"<ul>\n<li>El fin de esta era es la noticia pol\u00edtica m\u00e1s importante de los \u00faltimos a\u00f1os en Europa a pesar de que Hungr\u00eda es uno de los pa\u00edses m\u00e1s peque\u00f1os del bloque.<\/li>\n<li>La derrota del l\u00edder populista empieza a hacer consistente la idea de que el presidente de EE.UU. es m\u00e1s una carga que una ayuda para esos partidos europeos.<\/li>\n<\/ul>\n<p>\u200bEl fin de esta era es la noticia pol\u00edtica m\u00e1s importante de los \u00faltimos a\u00f1os en Europa a pesar de que Hungr\u00eda es uno de los pa\u00edses m\u00e1s peque\u00f1os del bloque.La derrota del l\u00edder populista empieza a hacer consistente la idea de que el presidente de EE.UU. es m\u00e1s una carga que una ayuda para esos partidos europeos.\u00a0<a href=\"https:\/\/www.clarin.com\/mundo\/derrota-viktor-orban-hungria-caida-padrino-extrema-derecha-mundial-lastre-donald-trump_0_yYQx8qHEro.html\" target=\"_blank\" class=\"feedzy-rss-link-icon\">Read More<\/a><\/p>","protected":false},"excerpt":{"rendered":"<p>El fin de esta era es la noticia pol\u00edtica m\u00e1s importante de los \u00faltimos a\u00f1os&#8230;<\/p>\n","protected":false},"author":1,"featured_media":60383,"comment_status":"open","ping_status":"open","sticky":false,"template":"","format":"standard","meta":{"footnotes":""},"categories":[4],"tags":[],"class_list":["post-60382","post","type-post","status-publish","format-standard","has-post-thumbnail","hentry","category-internacionales"],"_links":{"self":[{"href":"https:\/\/masquenoticiastucuman.com.ar\/index.php?rest_route=\/wp\/v2\/posts\/60382","targetHints":{"allow":["GET"]}}],"collection":[{"href":"https:\/\/masquenoticiastucuman.com.ar\/index.php?rest_route=\/wp\/v2\/posts"}],"about":[{"href":"https:\/\/masquenoticiastucuman.com.ar\/index.php?rest_route=\/wp\/v2\/types\/post"}],"author":[{"embeddable":true,"href":"https:\/\/masquenoticiastucuman.com.ar\/index.php?rest_route=\/wp\/v2\/users\/1"}],"replies":[{"embeddable":true,"href":"https:\/\/masquenoticiastucuman.com.ar\/index.php?rest_route=%2Fwp%2Fv2%2Fcomments&post=60382"}],"version-history":[{"count":0,"href":"https:\/\/masquenoticiastucuman.com.ar\/index.php?rest_route=\/wp\/v2\/posts\/60382\/revisions"}],"wp:featuredmedia":[{"embeddable":true,"href":"https:\/\/masquenoticiastucuman.com.ar\/index.php?rest_route=\/wp\/v2\/media\/60383"}],"wp:attachment":[{"href":"https:\/\/masquenoticiastucuman.com.ar\/index.php?rest_route=%2Fwp%2Fv2%2Fmedia&parent=60382"}],"wp:term":[{"taxonomy":"category","embeddable":true,"href":"https:\/\/masquenoticiastucuman.com.ar\/index.php?rest_route=%2Fwp%2Fv2%2Fcategories&post=60382"},{"taxonomy":"post_tag","embeddable":true,"href":"https:\/\/masquenoticiastucuman.com.ar\/index.php?rest_route=%2Fwp%2Fv2%2Ftags&post=60382"}],"curies":[{"name":"wp","href":"https:\/\/api.w.org\/{rel}","templated":true}]}}