{"id":60387,"date":"2026-04-12T21:01:50","date_gmt":"2026-04-13T00:01:50","guid":{"rendered":"http:\/\/masquenoticiastucuman.com.ar\/?p=60387"},"modified":"2026-04-12T21:01:50","modified_gmt":"2026-04-13T00:01:50","slug":"economia-debil-y-alta-corrupcion-el-lastre-que-llevo-a-la-derrota-de-viktor-orban-en-hungria","status":"publish","type":"post","link":"https:\/\/masquenoticiastucuman.com.ar\/?p=60387","title":{"rendered":"Econom\u00eda d\u00e9bil y alta corrupci\u00f3n, el lastre que llev\u00f3 a la derrota de V\u00edktor Orb\u00e1n en Hungr\u00eda"},"content":{"rendered":"<p>Pese a recibir masivos fondos europeos, el premier Orb\u00e1n deja a Hungr\u00eda con bajo nivel de crecimiento. Y una red de negocios que beneficia a su familia y a amigos.<\/p>\n<p>\u200bPese a recibir masivos fondos europeos, el premier Orb\u00e1n deja a Hungr\u00eda con bajo nivel de crecimiento. Y una red de negocios que beneficia a su familia y a amigos.\u00a0<a href=\"https:\/\/www.clarin.com\/mundo\/economia-debil-alta-corrupcion-lastre-llevo-derrota-viktor-orban-hungria_0_KbvhIGMFtJ.html\" target=\"_blank\" class=\"feedzy-rss-link-icon\">Read More<\/a><\/p>","protected":false},"excerpt":{"rendered":"<p>Pese a recibir masivos fondos europeos, el premier Orb\u00e1n deja a Hungr\u00eda con bajo nivel&#8230;<\/p>\n","protected":false},"author":1,"featured_media":60388,"comment_status":"open","ping_status":"open","sticky":false,"template":"","format":"standard","meta":{"footnotes":""},"categories":[4],"tags":[],"class_list":["post-60387","post","type-post","status-publish","format-standard","has-post-thumbnail","hentry","category-internacionales"],"_links":{"self":[{"href":"https:\/\/masquenoticiastucuman.com.ar\/index.php?rest_route=\/wp\/v2\/posts\/60387","targetHints":{"allow":["GET"]}}],"collection":[{"href":"https:\/\/masquenoticiastucuman.com.ar\/index.php?rest_route=\/wp\/v2\/posts"}],"about":[{"href":"https:\/\/masquenoticiastucuman.com.ar\/index.php?rest_route=\/wp\/v2\/types\/post"}],"author":[{"embeddable":true,"href":"https:\/\/masquenoticiastucuman.com.ar\/index.php?rest_route=\/wp\/v2\/users\/1"}],"replies":[{"embeddable":true,"href":"https:\/\/masquenoticiastucuman.com.ar\/index.php?rest_route=%2Fwp%2Fv2%2Fcomments&post=60387"}],"version-history":[{"count":0,"href":"https:\/\/masquenoticiastucuman.com.ar\/index.php?rest_route=\/wp\/v2\/posts\/60387\/revisions"}],"wp:featuredmedia":[{"embeddable":true,"href":"https:\/\/masquenoticiastucuman.com.ar\/index.php?rest_route=\/wp\/v2\/media\/60388"}],"wp:attachment":[{"href":"https:\/\/masquenoticiastucuman.com.ar\/index.php?rest_route=%2Fwp%2Fv2%2Fmedia&parent=60387"}],"wp:term":[{"taxonomy":"category","embeddable":true,"href":"https:\/\/masquenoticiastucuman.com.ar\/index.php?rest_route=%2Fwp%2Fv2%2Fcategories&post=60387"},{"taxonomy":"post_tag","embeddable":true,"href":"https:\/\/masquenoticiastucuman.com.ar\/index.php?rest_route=%2Fwp%2Fv2%2Ftags&post=60387"}],"curies":[{"name":"wp","href":"https:\/\/api.w.org\/{rel}","templated":true}]}}