{"id":60391,"date":"2026-04-12T21:11:41","date_gmt":"2026-04-13T00:11:41","guid":{"rendered":"http:\/\/masquenoticiastucuman.com.ar\/?p=60391"},"modified":"2026-04-12T21:11:41","modified_gmt":"2026-04-13T00:11:41","slug":"la-seleccion-argentina-sub-17-clasifico-al-mundial-de-qatar-el-gol-que-le-dio-el-pasaje-por-el-empate-vs-bolivia-bajo-un-diluvio","status":"publish","type":"post","link":"https:\/\/masquenoticiastucuman.com.ar\/?p=60391","title":{"rendered":"La Selecci\u00f3n Argentina Sub 17 clasific\u00f3 al Mundial de Qatar: el gol que le dio el pasaje por el empate vs Bolivia bajo un diluvio"},"content":{"rendered":"<ul>\n<li>La Albiceleste cerr\u00f3 la fase de grupos en el segundo puesto, detr\u00e1s del l\u00edder Brasil, y espera rival en semifinales.<\/li>\n<li>La m\u00e1xima cita ser\u00e1 nuevamente en Qatar, a fin de a\u00f1o.<\/li>\n<\/ul>\n<p>\u200bLa Albiceleste cerr\u00f3 la fase de grupos en el segundo puesto, detr\u00e1s del l\u00edder Brasil, y espera rival en semifinales.La m\u00e1xima cita ser\u00e1 nuevamente en Qatar, a fin de a\u00f1o.\u00a0<a href=\"https:\/\/www.clarin.com\/deportes\/seleccion-argentina-sub-17-clasifico-mundial-qatar-gol-dio-pasaje-empate-vs-bolivia-diluvio_0_B27KOThwNM.html\" target=\"_blank\" class=\"feedzy-rss-link-icon\">Read More<\/a><\/p>","protected":false},"excerpt":{"rendered":"<p>La Albiceleste cerr\u00f3 la fase de grupos en el segundo puesto, detr\u00e1s del l\u00edder Brasil,&#8230;<\/p>\n","protected":false},"author":1,"featured_media":0,"comment_status":"open","ping_status":"open","sticky":false,"template":"","format":"standard","meta":{"footnotes":""},"categories":[6],"tags":[],"class_list":["post-60391","post","type-post","status-publish","format-standard","has-post-thumbnail","hentry","category-deportes"],"_links":{"self":[{"href":"https:\/\/masquenoticiastucuman.com.ar\/index.php?rest_route=\/wp\/v2\/posts\/60391","targetHints":{"allow":["GET"]}}],"collection":[{"href":"https:\/\/masquenoticiastucuman.com.ar\/index.php?rest_route=\/wp\/v2\/posts"}],"about":[{"href":"https:\/\/masquenoticiastucuman.com.ar\/index.php?rest_route=\/wp\/v2\/types\/post"}],"author":[{"embeddable":true,"href":"https:\/\/masquenoticiastucuman.com.ar\/index.php?rest_route=\/wp\/v2\/users\/1"}],"replies":[{"embeddable":true,"href":"https:\/\/masquenoticiastucuman.com.ar\/index.php?rest_route=%2Fwp%2Fv2%2Fcomments&post=60391"}],"version-history":[{"count":0,"href":"https:\/\/masquenoticiastucuman.com.ar\/index.php?rest_route=\/wp\/v2\/posts\/60391\/revisions"}],"wp:attachment":[{"href":"https:\/\/masquenoticiastucuman.com.ar\/index.php?rest_route=%2Fwp%2Fv2%2Fmedia&parent=60391"}],"wp:term":[{"taxonomy":"category","embeddable":true,"href":"https:\/\/masquenoticiastucuman.com.ar\/index.php?rest_route=%2Fwp%2Fv2%2Fcategories&post=60391"},{"taxonomy":"post_tag","embeddable":true,"href":"https:\/\/masquenoticiastucuman.com.ar\/index.php?rest_route=%2Fwp%2Fv2%2Ftags&post=60391"}],"curies":[{"name":"wp","href":"https:\/\/api.w.org\/{rel}","templated":true}]}}