{"id":60392,"date":"2026-04-12T23:27:25","date_gmt":"2026-04-13T02:27:25","guid":{"rendered":"http:\/\/masquenoticiastucuman.com.ar\/?p=60392"},"modified":"2026-04-12T23:27:25","modified_gmt":"2026-04-13T02:27:25","slug":"el-reto-de-gustavo-costas-a-marcos-rojo-por-la-expulsion-en-el-clasico-racing-vs-river-hay-que-ser-mas-inteligentes","status":"publish","type":"post","link":"https:\/\/masquenoticiastucuman.com.ar\/?p=60392","title":{"rendered":"El reto de Gustavo Costas a Marcos Rojo por la expulsi\u00f3n en el cl\u00e1sico Racing vs River: &#8220;Hay que ser m\u00e1s inteligentes&#8221;"},"content":{"rendered":"<ul>\n<li>El entrenador de la Academia habl\u00f3 sobre la roja al defensor, cuando su equipo m\u00e1s apretaba por el empate en Avellaneda.<\/li>\n<li>\u00bfQu\u00e9 es lo que m\u00e1s le preocupa despu\u00e9s de las derrotas contra Independiente y el Millonario?<\/li>\n<\/ul>\n<p>\u200bEl entrenador de la Academia habl\u00f3 sobre la roja al defensor, cuando su equipo m\u00e1s apretaba por el empate en Avellaneda.\u00bfQu\u00e9 es lo que m\u00e1s le preocupa despu\u00e9s de las derrotas contra Independiente y el Millonario?\u00a0<a href=\"https:\/\/www.clarin.com\/deportes\/reto-gustavo-costas-marcos-rojo-expulsion-clasico-racing-vs-river-inteligentes_0_U5GUVa3vcF.html\" target=\"_blank\" class=\"feedzy-rss-link-icon\">Read More<\/a><\/p>","protected":false},"excerpt":{"rendered":"<p>El entrenador de la Academia habl\u00f3 sobre la roja al defensor, cuando su equipo m\u00e1s&#8230;<\/p>\n","protected":false},"author":1,"featured_media":0,"comment_status":"open","ping_status":"open","sticky":false,"template":"","format":"standard","meta":{"footnotes":""},"categories":[6],"tags":[],"class_list":["post-60392","post","type-post","status-publish","format-standard","has-post-thumbnail","hentry","category-deportes"],"_links":{"self":[{"href":"https:\/\/masquenoticiastucuman.com.ar\/index.php?rest_route=\/wp\/v2\/posts\/60392","targetHints":{"allow":["GET"]}}],"collection":[{"href":"https:\/\/masquenoticiastucuman.com.ar\/index.php?rest_route=\/wp\/v2\/posts"}],"about":[{"href":"https:\/\/masquenoticiastucuman.com.ar\/index.php?rest_route=\/wp\/v2\/types\/post"}],"author":[{"embeddable":true,"href":"https:\/\/masquenoticiastucuman.com.ar\/index.php?rest_route=\/wp\/v2\/users\/1"}],"replies":[{"embeddable":true,"href":"https:\/\/masquenoticiastucuman.com.ar\/index.php?rest_route=%2Fwp%2Fv2%2Fcomments&post=60392"}],"version-history":[{"count":0,"href":"https:\/\/masquenoticiastucuman.com.ar\/index.php?rest_route=\/wp\/v2\/posts\/60392\/revisions"}],"wp:attachment":[{"href":"https:\/\/masquenoticiastucuman.com.ar\/index.php?rest_route=%2Fwp%2Fv2%2Fmedia&parent=60392"}],"wp:term":[{"taxonomy":"category","embeddable":true,"href":"https:\/\/masquenoticiastucuman.com.ar\/index.php?rest_route=%2Fwp%2Fv2%2Fcategories&post=60392"},{"taxonomy":"post_tag","embeddable":true,"href":"https:\/\/masquenoticiastucuman.com.ar\/index.php?rest_route=%2Fwp%2Fv2%2Ftags&post=60392"}],"curies":[{"name":"wp","href":"https:\/\/api.w.org\/{rel}","templated":true}]}}