{"id":60393,"date":"2026-04-12T22:52:46","date_gmt":"2026-04-13T01:52:46","guid":{"rendered":"http:\/\/masquenoticiastucuman.com.ar\/?p=60393"},"modified":"2026-04-12T22:52:46","modified_gmt":"2026-04-13T01:52:46","slug":"rory-mcilroy-de-campeon-a-leyenda-en-el-masters-de-augusta-de-golf-gano-la-chaqueta-verde-por-segunda-vez-consecutiva","status":"publish","type":"post","link":"https:\/\/masquenoticiastucuman.com.ar\/?p=60393","title":{"rendered":"Rory McIlroy, de campe\u00f3n a leyenda en el Masters de Augusta de golf: gan\u00f3 la chaqueta verde por segunda vez consecutiva"},"content":{"rendered":"<ul>\n<li>El norirland\u00e9s, de 36 a\u00f1os, se uni\u00f3 al exclusivo club que integraban Jack Nicklaus, Nick Faldo y Tiger Woods.<\/li>\n<li>&#8220;No puedo creerlo&#8221;, dijo el campe\u00f3n.<\/li>\n<\/ul>\n<p>\u200bEl norirland\u00e9s, de 36 a\u00f1os, se uni\u00f3 al exclusivo club que integraban Jack Nicklaus, Nick Faldo y Tiger Woods.&#8221;No puedo creerlo&#8221;, dijo el campe\u00f3n.\u00a0<a href=\"https:\/\/www.clarin.com\/deportes\/rory-mcilroy-campeon-leyenda-masters-augusta-golf-gano-chaqueta-verde-segunda-vez-consecutiva_0_z9ybp5bhUf.html\" target=\"_blank\" class=\"feedzy-rss-link-icon\">Read More<\/a><\/p>","protected":false},"excerpt":{"rendered":"<p>El norirland\u00e9s, de 36 a\u00f1os, se uni\u00f3 al exclusivo club que integraban Jack Nicklaus, Nick&#8230;<\/p>\n","protected":false},"author":1,"featured_media":0,"comment_status":"open","ping_status":"open","sticky":false,"template":"","format":"standard","meta":{"footnotes":""},"categories":[6],"tags":[],"class_list":["post-60393","post","type-post","status-publish","format-standard","has-post-thumbnail","hentry","category-deportes"],"_links":{"self":[{"href":"https:\/\/masquenoticiastucuman.com.ar\/index.php?rest_route=\/wp\/v2\/posts\/60393","targetHints":{"allow":["GET"]}}],"collection":[{"href":"https:\/\/masquenoticiastucuman.com.ar\/index.php?rest_route=\/wp\/v2\/posts"}],"about":[{"href":"https:\/\/masquenoticiastucuman.com.ar\/index.php?rest_route=\/wp\/v2\/types\/post"}],"author":[{"embeddable":true,"href":"https:\/\/masquenoticiastucuman.com.ar\/index.php?rest_route=\/wp\/v2\/users\/1"}],"replies":[{"embeddable":true,"href":"https:\/\/masquenoticiastucuman.com.ar\/index.php?rest_route=%2Fwp%2Fv2%2Fcomments&post=60393"}],"version-history":[{"count":0,"href":"https:\/\/masquenoticiastucuman.com.ar\/index.php?rest_route=\/wp\/v2\/posts\/60393\/revisions"}],"wp:attachment":[{"href":"https:\/\/masquenoticiastucuman.com.ar\/index.php?rest_route=%2Fwp%2Fv2%2Fmedia&parent=60393"}],"wp:term":[{"taxonomy":"category","embeddable":true,"href":"https:\/\/masquenoticiastucuman.com.ar\/index.php?rest_route=%2Fwp%2Fv2%2Fcategories&post=60393"},{"taxonomy":"post_tag","embeddable":true,"href":"https:\/\/masquenoticiastucuman.com.ar\/index.php?rest_route=%2Fwp%2Fv2%2Ftags&post=60393"}],"curies":[{"name":"wp","href":"https:\/\/api.w.org\/{rel}","templated":true}]}}