{"id":60394,"date":"2026-04-13T01:16:15","date_gmt":"2026-04-13T04:16:15","guid":{"rendered":"http:\/\/masquenoticiastucuman.com.ar\/?p=60394"},"modified":"2026-04-13T01:16:15","modified_gmt":"2026-04-13T04:16:15","slug":"el-gobierno-activo-el-rimi-un-regimen-de-incentivos-para-medianas-inversiones-los-puntos-principales","status":"publish","type":"post","link":"https:\/\/masquenoticiastucuman.com.ar\/?p=60394","title":{"rendered":"El Gobierno activ\u00f3 el RIMI, un r\u00e9gimen de incentivos para medianas inversiones: los puntos principales"},"content":{"rendered":"<ul>\n<li>Lo hizo a trav\u00e9s del Decreto 242\/2026, publicado en el Bolet\u00edn Oficial.<\/li>\n<li>Se trata de un r\u00e9gimen de beneficios pensado para que ciertas empresas que inviertan en Argentina tengan ventajas impositivas.<\/li>\n<li>Se aprob\u00f3 junto con la reforma laboral y permite acelerar la amortizaci\u00f3n de equipos y recuperar m\u00e1s r\u00e1pidamente el IVA.<\/li>\n<\/ul>\n<p>\u200bLo hizo a trav\u00e9s del Decreto 242\/2026, publicado en el Bolet\u00edn Oficial.Se trata de un r\u00e9gimen de beneficios pensado para que ciertas empresas que inviertan en Argentina tengan ventajas impositivas.Se aprob\u00f3 junto con la reforma laboral y permite acelerar la amortizaci\u00f3n de equipos y recuperar m\u00e1s r\u00e1pidamente el IVA.\u00a0<a href=\"https:\/\/www.clarin.com\/economia\/gobierno-activo-regimen-incentivos-medianas-inversiones-puntos-principales_0_OqxcTKnEyZ.html\" target=\"_blank\" class=\"feedzy-rss-link-icon\">Read More<\/a><\/p>","protected":false},"excerpt":{"rendered":"<p>Lo hizo a trav\u00e9s del Decreto 242\/2026, publicado en el Bolet\u00edn Oficial. Se trata de&#8230;<\/p>\n","protected":false},"author":1,"featured_media":0,"comment_status":"open","ping_status":"open","sticky":false,"template":"","format":"standard","meta":{"footnotes":""},"categories":[3],"tags":[],"class_list":["post-60394","post","type-post","status-publish","format-standard","has-post-thumbnail","hentry","category-nacionales"],"_links":{"self":[{"href":"https:\/\/masquenoticiastucuman.com.ar\/index.php?rest_route=\/wp\/v2\/posts\/60394","targetHints":{"allow":["GET"]}}],"collection":[{"href":"https:\/\/masquenoticiastucuman.com.ar\/index.php?rest_route=\/wp\/v2\/posts"}],"about":[{"href":"https:\/\/masquenoticiastucuman.com.ar\/index.php?rest_route=\/wp\/v2\/types\/post"}],"author":[{"embeddable":true,"href":"https:\/\/masquenoticiastucuman.com.ar\/index.php?rest_route=\/wp\/v2\/users\/1"}],"replies":[{"embeddable":true,"href":"https:\/\/masquenoticiastucuman.com.ar\/index.php?rest_route=%2Fwp%2Fv2%2Fcomments&post=60394"}],"version-history":[{"count":0,"href":"https:\/\/masquenoticiastucuman.com.ar\/index.php?rest_route=\/wp\/v2\/posts\/60394\/revisions"}],"wp:attachment":[{"href":"https:\/\/masquenoticiastucuman.com.ar\/index.php?rest_route=%2Fwp%2Fv2%2Fmedia&parent=60394"}],"wp:term":[{"taxonomy":"category","embeddable":true,"href":"https:\/\/masquenoticiastucuman.com.ar\/index.php?rest_route=%2Fwp%2Fv2%2Fcategories&post=60394"},{"taxonomy":"post_tag","embeddable":true,"href":"https:\/\/masquenoticiastucuman.com.ar\/index.php?rest_route=%2Fwp%2Fv2%2Ftags&post=60394"}],"curies":[{"name":"wp","href":"https:\/\/api.w.org\/{rel}","templated":true}]}}