{"id":60397,"date":"2026-04-13T06:01:53","date_gmt":"2026-04-13T09:01:53","guid":{"rendered":"http:\/\/masquenoticiastucuman.com.ar\/?p=60397"},"modified":"2026-04-13T06:01:53","modified_gmt":"2026-04-13T09:01:53","slug":"emily-en-paris-se-muda-a-otros-paises-sus-personajes-se-van-a-grecia-y-a-monaco-para-la-sexta-temporada","status":"publish","type":"post","link":"https:\/\/masquenoticiastucuman.com.ar\/?p=60397","title":{"rendered":"Emily en Par\u00eds se muda a otros pa\u00edses: sus personajes se van a Grecia y a M\u00f3naco para la sexta temporada"},"content":{"rendered":"<ul>\n<li>La exitosa serie de Netflix, protagonizada por Lily Collins, sumar\u00e1 nuevos escenarios mediterr\u00e1neos que redefinir\u00e1n el rumbo de su historia.<\/li>\n<li>Entre v\u00ednculos en tensi\u00f3n y desaf\u00edos profesionales, la protagonista atravesar\u00e1 una etapa decisiva en entornos completamente distintos.<\/li>\n<\/ul>\n<p>\u200bLa exitosa serie de Netflix, protagonizada por Lily Collins, sumar\u00e1 nuevos escenarios mediterr\u00e1neos que redefinir\u00e1n el rumbo de su historia.Entre v\u00ednculos en tensi\u00f3n y desaf\u00edos profesionales, la protagonista atravesar\u00e1 una etapa decisiva en entornos completamente distintos.\u00a0<a href=\"https:\/\/www.clarin.com\/espectaculos\/emily-paris-muda-paises-personajes-van-grecia-monaco-sexta-temporada_0_VFVxZXJj3W.html\" target=\"_blank\" class=\"feedzy-rss-link-icon\">Read More<\/a><\/p>","protected":false},"excerpt":{"rendered":"<p>La exitosa serie de Netflix, protagonizada por Lily Collins, sumar\u00e1 nuevos escenarios mediterr\u00e1neos que redefinir\u00e1n&#8230;<\/p>\n","protected":false},"author":1,"featured_media":0,"comment_status":"open","ping_status":"open","sticky":false,"template":"","format":"standard","meta":{"footnotes":""},"categories":[5],"tags":[],"class_list":["post-60397","post","type-post","status-publish","format-standard","has-post-thumbnail","hentry","category-espectaculo"],"_links":{"self":[{"href":"https:\/\/masquenoticiastucuman.com.ar\/index.php?rest_route=\/wp\/v2\/posts\/60397","targetHints":{"allow":["GET"]}}],"collection":[{"href":"https:\/\/masquenoticiastucuman.com.ar\/index.php?rest_route=\/wp\/v2\/posts"}],"about":[{"href":"https:\/\/masquenoticiastucuman.com.ar\/index.php?rest_route=\/wp\/v2\/types\/post"}],"author":[{"embeddable":true,"href":"https:\/\/masquenoticiastucuman.com.ar\/index.php?rest_route=\/wp\/v2\/users\/1"}],"replies":[{"embeddable":true,"href":"https:\/\/masquenoticiastucuman.com.ar\/index.php?rest_route=%2Fwp%2Fv2%2Fcomments&post=60397"}],"version-history":[{"count":0,"href":"https:\/\/masquenoticiastucuman.com.ar\/index.php?rest_route=\/wp\/v2\/posts\/60397\/revisions"}],"wp:attachment":[{"href":"https:\/\/masquenoticiastucuman.com.ar\/index.php?rest_route=%2Fwp%2Fv2%2Fmedia&parent=60397"}],"wp:term":[{"taxonomy":"category","embeddable":true,"href":"https:\/\/masquenoticiastucuman.com.ar\/index.php?rest_route=%2Fwp%2Fv2%2Fcategories&post=60397"},{"taxonomy":"post_tag","embeddable":true,"href":"https:\/\/masquenoticiastucuman.com.ar\/index.php?rest_route=%2Fwp%2Fv2%2Ftags&post=60397"}],"curies":[{"name":"wp","href":"https:\/\/api.w.org\/{rel}","templated":true}]}}