{"id":60398,"date":"2026-04-13T06:01:51","date_gmt":"2026-04-13T09:01:51","guid":{"rendered":"http:\/\/masquenoticiastucuman.com.ar\/?p=60398"},"modified":"2026-04-13T06:01:51","modified_gmt":"2026-04-13T09:01:51","slug":"argentina-1978-el-caso-piazza-un-accidente-y-la-historia-de-una-ausencia","status":"publish","type":"post","link":"https:\/\/masquenoticiastucuman.com.ar\/?p=60398","title":{"rendered":"Argentina 1978: el caso Piazza, un accidente y la historia de una ausencia"},"content":{"rendered":"<ul>\n<li>La ilusi\u00f3n de sumar al defensor de Saint-\u00c9tienne se desvaneci\u00f3 por un imprevisto fuera de la cancha.<\/li>\n<li>Entre decisiones, tiempos ajustados y prioridades personales, Menotti termin\u00f3 armando un plantel que igual har\u00eda historia.<\/li>\n<\/ul>\n<p>\u200bLa ilusi\u00f3n de sumar al defensor de Saint-\u00c9tienne se desvaneci\u00f3 por un imprevisto fuera de la cancha.Entre decisiones, tiempos ajustados y prioridades personales, Menotti termin\u00f3 armando un plantel que igual har\u00eda historia.\u00a0<a href=\"https:\/\/www.clarin.com\/deportes\/argentina-1978-caso-piazza-accidente-historia-ausencia_0_3aZJQkgNzu.html\" target=\"_blank\" class=\"feedzy-rss-link-icon\">Read More<\/a><\/p>","protected":false},"excerpt":{"rendered":"<p>La ilusi\u00f3n de sumar al defensor de Saint-\u00c9tienne se desvaneci\u00f3 por un imprevisto fuera de&#8230;<\/p>\n","protected":false},"author":1,"featured_media":0,"comment_status":"open","ping_status":"open","sticky":false,"template":"","format":"standard","meta":{"footnotes":""},"categories":[6],"tags":[],"class_list":["post-60398","post","type-post","status-publish","format-standard","has-post-thumbnail","hentry","category-deportes"],"_links":{"self":[{"href":"https:\/\/masquenoticiastucuman.com.ar\/index.php?rest_route=\/wp\/v2\/posts\/60398","targetHints":{"allow":["GET"]}}],"collection":[{"href":"https:\/\/masquenoticiastucuman.com.ar\/index.php?rest_route=\/wp\/v2\/posts"}],"about":[{"href":"https:\/\/masquenoticiastucuman.com.ar\/index.php?rest_route=\/wp\/v2\/types\/post"}],"author":[{"embeddable":true,"href":"https:\/\/masquenoticiastucuman.com.ar\/index.php?rest_route=\/wp\/v2\/users\/1"}],"replies":[{"embeddable":true,"href":"https:\/\/masquenoticiastucuman.com.ar\/index.php?rest_route=%2Fwp%2Fv2%2Fcomments&post=60398"}],"version-history":[{"count":0,"href":"https:\/\/masquenoticiastucuman.com.ar\/index.php?rest_route=\/wp\/v2\/posts\/60398\/revisions"}],"wp:attachment":[{"href":"https:\/\/masquenoticiastucuman.com.ar\/index.php?rest_route=%2Fwp%2Fv2%2Fmedia&parent=60398"}],"wp:term":[{"taxonomy":"category","embeddable":true,"href":"https:\/\/masquenoticiastucuman.com.ar\/index.php?rest_route=%2Fwp%2Fv2%2Fcategories&post=60398"},{"taxonomy":"post_tag","embeddable":true,"href":"https:\/\/masquenoticiastucuman.com.ar\/index.php?rest_route=%2Fwp%2Fv2%2Ftags&post=60398"}],"curies":[{"name":"wp","href":"https:\/\/api.w.org\/{rel}","templated":true}]}}