{"id":60420,"date":"2026-04-13T10:06:58","date_gmt":"2026-04-13T13:06:58","guid":{"rendered":"http:\/\/masquenoticiastucuman.com.ar\/?p=60420"},"modified":"2026-04-13T10:06:58","modified_gmt":"2026-04-13T13:06:58","slug":"maxima-tension-en-el-estrecho-de-ormuz-ee-uu-anuncia-las-nuevas-medidas-para-navegar-en-la-region-y-apunta-a-toda-la-costa-irani","status":"publish","type":"post","link":"https:\/\/masquenoticiastucuman.com.ar\/?p=60420","title":{"rendered":"M\u00e1xima tensi\u00f3n en el Estrecho de Ormuz: EE.UU. anuncia las nuevas medidas para navegar en la regi\u00f3n y apunta a toda la costa iran\u00ed"},"content":{"rendered":"<ul>\n<li>Bloquear\u00e1 cualquier buque que entre o salga de puertos iran\u00edes. Para navegar, el resto de los cargueros deber\u00e1n comunicarse con la Marina de EE.UU. por radio y pedir autorizaci\u00f3n.<\/li>\n<li>Para el ej\u00e9rcito iran\u00ed, el bloqueo es &#8220;ilegal&#8221; y un acto de &#8220;pirater\u00eda&#8221;, y advirti\u00f3 que, de llevarse a cabo, ning\u00fan puerto del Golfo &#8220;estar\u00e1 a salvo&#8221; de represalias.<\/li>\n<\/ul>\n<p>\u200bBloquear\u00e1 cualquier buque que entre o salga de puertos iran\u00edes. Para navegar, el resto de los cargueros deber\u00e1n comunicarse con la Marina de EE.UU. por radio y pedir autorizaci\u00f3n.Para el ej\u00e9rcito iran\u00ed, el bloqueo es &#8220;ilegal&#8221; y un acto de &#8220;pirater\u00eda&#8221;, y advirti\u00f3 que, de llevarse a cabo, ning\u00fan puerto del Golfo &#8220;estar\u00e1 a salvo&#8221; de represalias.\u00a0<a href=\"https:\/\/www.clarin.com\/mundo\/maxima-tension-estrecho-ormuz-eeuu-anuncia-nuevas-medidas-navegar-region-apunta-toda-costa-irani_0_POZYZTLZN1.html\" target=\"_blank\" class=\"feedzy-rss-link-icon\">Read More<\/a><\/p>","protected":false},"excerpt":{"rendered":"<p>Bloquear\u00e1 cualquier buque que entre o salga de puertos iran\u00edes. Para navegar, el resto de&#8230;<\/p>\n","protected":false},"author":1,"featured_media":60421,"comment_status":"open","ping_status":"open","sticky":false,"template":"","format":"standard","meta":{"footnotes":""},"categories":[4],"tags":[],"class_list":["post-60420","post","type-post","status-publish","format-standard","has-post-thumbnail","hentry","category-internacionales"],"_links":{"self":[{"href":"https:\/\/masquenoticiastucuman.com.ar\/index.php?rest_route=\/wp\/v2\/posts\/60420","targetHints":{"allow":["GET"]}}],"collection":[{"href":"https:\/\/masquenoticiastucuman.com.ar\/index.php?rest_route=\/wp\/v2\/posts"}],"about":[{"href":"https:\/\/masquenoticiastucuman.com.ar\/index.php?rest_route=\/wp\/v2\/types\/post"}],"author":[{"embeddable":true,"href":"https:\/\/masquenoticiastucuman.com.ar\/index.php?rest_route=\/wp\/v2\/users\/1"}],"replies":[{"embeddable":true,"href":"https:\/\/masquenoticiastucuman.com.ar\/index.php?rest_route=%2Fwp%2Fv2%2Fcomments&post=60420"}],"version-history":[{"count":0,"href":"https:\/\/masquenoticiastucuman.com.ar\/index.php?rest_route=\/wp\/v2\/posts\/60420\/revisions"}],"wp:featuredmedia":[{"embeddable":true,"href":"https:\/\/masquenoticiastucuman.com.ar\/index.php?rest_route=\/wp\/v2\/media\/60421"}],"wp:attachment":[{"href":"https:\/\/masquenoticiastucuman.com.ar\/index.php?rest_route=%2Fwp%2Fv2%2Fmedia&parent=60420"}],"wp:term":[{"taxonomy":"category","embeddable":true,"href":"https:\/\/masquenoticiastucuman.com.ar\/index.php?rest_route=%2Fwp%2Fv2%2Fcategories&post=60420"},{"taxonomy":"post_tag","embeddable":true,"href":"https:\/\/masquenoticiastucuman.com.ar\/index.php?rest_route=%2Fwp%2Fv2%2Ftags&post=60420"}],"curies":[{"name":"wp","href":"https:\/\/api.w.org\/{rel}","templated":true}]}}