{"id":60424,"date":"2026-04-13T09:55:19","date_gmt":"2026-04-13T12:55:19","guid":{"rendered":"http:\/\/masquenoticiastucuman.com.ar\/?p=60424"},"modified":"2026-04-13T09:55:19","modified_gmt":"2026-04-13T12:55:19","slug":"laura-pausini-canto-con-fito-paez-en-el-show-mas-ambicioso-de-su-carrera-tres-horas-de-musica-y-una-decena-de-vestidos","status":"publish","type":"post","link":"https:\/\/masquenoticiastucuman.com.ar\/?p=60424","title":{"rendered":"Laura Pausini cant\u00f3 con Fito P\u00e1ez en el show m\u00e1s ambicioso de su carrera: tres horas de m\u00fasica y una decena de vestidos"},"content":{"rendered":"<ul>\n<li>Este domingo 12 en el Movistar Arena, la italiana demostr\u00f3 por qu\u00e9 a 33 a\u00f1os de su consagraci\u00f3n en San Remo sigue reinando.<\/li>\n<li>Homenaje\u00f3 a Ricky Martin, a Juan Luis Guerra y m\u00e1s.<\/li>\n<li>Despliegue descomunal y hits con acento latinoamericano.<\/li>\n<\/ul>\n<p>\u200bEste domingo 12 en el Movistar Arena, la italiana demostr\u00f3 por qu\u00e9 a 33 a\u00f1os de su consagraci\u00f3n en San Remo sigue reinando.Homenaje\u00f3 a Ricky Martin, a Juan Luis Guerra y m\u00e1s.Despliegue descomunal y hits con acento latinoamericano.\u00a0<a href=\"https:\/\/www.clarin.com\/espectaculos\/laura-pausini-canto-fito-paez-show-ambicioso-carrera-horas-musica-decena-vestidos_0_5PEpQ1Lkow.html\" target=\"_blank\" class=\"feedzy-rss-link-icon\">Read More<\/a><\/p>","protected":false},"excerpt":{"rendered":"<p>Este domingo 12 en el Movistar Arena, la italiana demostr\u00f3 por qu\u00e9 a 33 a\u00f1os&#8230;<\/p>\n","protected":false},"author":1,"featured_media":0,"comment_status":"open","ping_status":"open","sticky":false,"template":"","format":"standard","meta":{"footnotes":""},"categories":[5],"tags":[],"class_list":["post-60424","post","type-post","status-publish","format-standard","has-post-thumbnail","hentry","category-espectaculo"],"_links":{"self":[{"href":"https:\/\/masquenoticiastucuman.com.ar\/index.php?rest_route=\/wp\/v2\/posts\/60424","targetHints":{"allow":["GET"]}}],"collection":[{"href":"https:\/\/masquenoticiastucuman.com.ar\/index.php?rest_route=\/wp\/v2\/posts"}],"about":[{"href":"https:\/\/masquenoticiastucuman.com.ar\/index.php?rest_route=\/wp\/v2\/types\/post"}],"author":[{"embeddable":true,"href":"https:\/\/masquenoticiastucuman.com.ar\/index.php?rest_route=\/wp\/v2\/users\/1"}],"replies":[{"embeddable":true,"href":"https:\/\/masquenoticiastucuman.com.ar\/index.php?rest_route=%2Fwp%2Fv2%2Fcomments&post=60424"}],"version-history":[{"count":0,"href":"https:\/\/masquenoticiastucuman.com.ar\/index.php?rest_route=\/wp\/v2\/posts\/60424\/revisions"}],"wp:attachment":[{"href":"https:\/\/masquenoticiastucuman.com.ar\/index.php?rest_route=%2Fwp%2Fv2%2Fmedia&parent=60424"}],"wp:term":[{"taxonomy":"category","embeddable":true,"href":"https:\/\/masquenoticiastucuman.com.ar\/index.php?rest_route=%2Fwp%2Fv2%2Fcategories&post=60424"},{"taxonomy":"post_tag","embeddable":true,"href":"https:\/\/masquenoticiastucuman.com.ar\/index.php?rest_route=%2Fwp%2Fv2%2Ftags&post=60424"}],"curies":[{"name":"wp","href":"https:\/\/api.w.org\/{rel}","templated":true}]}}