{"id":60425,"date":"2026-04-13T08:51:26","date_gmt":"2026-04-13T11:51:26","guid":{"rendered":"http:\/\/masquenoticiastucuman.com.ar\/?p=60425"},"modified":"2026-04-13T08:51:26","modified_gmt":"2026-04-13T11:51:26","slug":"murio-julio-ricardo-sobriedad-y-respeto-por-los-protagonistas-de-uno-de-los-periodistas-deportivos-mas-apreciados-de-argentina","status":"publish","type":"post","link":"https:\/\/masquenoticiastucuman.com.ar\/?p=60425","title":{"rendered":"Muri\u00f3 Julio Ricardo: sobriedad y respeto por los protagonistas de uno de los periodistas deportivos m\u00e1s apreciados de Argentina"},"content":{"rendered":"<ul>\n<li>El f\u00fatbol fue el deporte que m\u00e1s sigui\u00f3, quien tambi\u00e9n fue un militante y funcionario del peronismo.<\/li>\n<li>Ten\u00eda 87 a\u00f1os y alcanz\u00f3 la popularidad cuando Jos\u00e9 Mar\u00eda Mu\u00f1\u00f3z lo sent\u00f3 a su lado para comentar en Radio Rivadavia.<\/li>\n<\/ul>\n<p>\u200bEl f\u00fatbol fue el deporte que m\u00e1s sigui\u00f3, quien tambi\u00e9n fue un militante y funcionario del peronismo.Ten\u00eda 87 a\u00f1os y alcanz\u00f3 la popularidad cuando Jos\u00e9 Mar\u00eda Mu\u00f1\u00f3z lo sent\u00f3 a su lado para comentar en Radio Rivadavia.\u00a0<a href=\"https:\/\/www.clarin.com\/deportes\/murio-julio-ricardo-sobriedad-respeto-protagonistas-periodistas-deportivos-apreciados-argentina_0_VCzVV6Ubxp.html\" target=\"_blank\" class=\"feedzy-rss-link-icon\">Read More<\/a><\/p>","protected":false},"excerpt":{"rendered":"<p>El f\u00fatbol fue el deporte que m\u00e1s sigui\u00f3, quien tambi\u00e9n fue un militante y funcionario&#8230;<\/p>\n","protected":false},"author":1,"featured_media":0,"comment_status":"open","ping_status":"open","sticky":false,"template":"","format":"standard","meta":{"footnotes":""},"categories":[6],"tags":[],"class_list":["post-60425","post","type-post","status-publish","format-standard","has-post-thumbnail","hentry","category-deportes"],"_links":{"self":[{"href":"https:\/\/masquenoticiastucuman.com.ar\/index.php?rest_route=\/wp\/v2\/posts\/60425","targetHints":{"allow":["GET"]}}],"collection":[{"href":"https:\/\/masquenoticiastucuman.com.ar\/index.php?rest_route=\/wp\/v2\/posts"}],"about":[{"href":"https:\/\/masquenoticiastucuman.com.ar\/index.php?rest_route=\/wp\/v2\/types\/post"}],"author":[{"embeddable":true,"href":"https:\/\/masquenoticiastucuman.com.ar\/index.php?rest_route=\/wp\/v2\/users\/1"}],"replies":[{"embeddable":true,"href":"https:\/\/masquenoticiastucuman.com.ar\/index.php?rest_route=%2Fwp%2Fv2%2Fcomments&post=60425"}],"version-history":[{"count":0,"href":"https:\/\/masquenoticiastucuman.com.ar\/index.php?rest_route=\/wp\/v2\/posts\/60425\/revisions"}],"wp:attachment":[{"href":"https:\/\/masquenoticiastucuman.com.ar\/index.php?rest_route=%2Fwp%2Fv2%2Fmedia&parent=60425"}],"wp:term":[{"taxonomy":"category","embeddable":true,"href":"https:\/\/masquenoticiastucuman.com.ar\/index.php?rest_route=%2Fwp%2Fv2%2Fcategories&post=60425"},{"taxonomy":"post_tag","embeddable":true,"href":"https:\/\/masquenoticiastucuman.com.ar\/index.php?rest_route=%2Fwp%2Fv2%2Ftags&post=60425"}],"curies":[{"name":"wp","href":"https:\/\/api.w.org\/{rel}","templated":true}]}}