{"id":60436,"date":"2026-04-13T11:27:02","date_gmt":"2026-04-13T14:27:02","guid":{"rendered":"http:\/\/masquenoticiastucuman.com.ar\/?p=60436"},"modified":"2026-04-13T11:27:02","modified_gmt":"2026-04-13T14:27:02","slug":"la-lesion-de-cuti-romero-los-estudios-dieron-una-buena-noticia-para-la-seleccion-aunque-habra-que-seguirlo-de-cerca-rumbo-al-mundial-2026","status":"publish","type":"post","link":"https:\/\/masquenoticiastucuman.com.ar\/?p=60436","title":{"rendered":"La lesi\u00f3n de Cuti Romero: los estudios dieron una buena noticia para la Selecci\u00f3n, aunque habr\u00e1 que seguirlo de cerca rumbo al Mundial 2026"},"content":{"rendered":"<ul>\n<li>El defensor cordob\u00e9s se golpe\u00f3 feo la rodilla derecha contra su arquero, aunque ser\u00eda menos grave de lo imaginado.<\/li>\n<li>Adem\u00e1s, Emiliano Dibu Mart\u00ednez tambi\u00e9n amaneci\u00f3 mejor de su sobrecarga en el gemelo izquierdo que lo oblig\u00f3 a no jugar en el Aston Villa.<\/li>\n<\/ul>\n<p>\u200bEl defensor cordob\u00e9s se golpe\u00f3 feo la rodilla derecha contra su arquero, aunque ser\u00eda menos grave de lo imaginado.Adem\u00e1s, Emiliano Dibu Mart\u00ednez tambi\u00e9n amaneci\u00f3 mejor de su sobrecarga en el gemelo izquierdo que lo oblig\u00f3 a no jugar en el Aston Villa.\u00a0<a href=\"https:\/\/www.clarin.com\/deportes\/lesion-cuti-romero-estudios-dieron-buena-noticia-seleccion-seguirlo-cerca-rumbo-mundial-2026_0_Kh5XGy8KdM.html\" target=\"_blank\" class=\"feedzy-rss-link-icon\">Read More<\/a><\/p>","protected":false},"excerpt":{"rendered":"<p>El defensor cordob\u00e9s se golpe\u00f3 feo la rodilla derecha contra su arquero, aunque ser\u00eda menos&#8230;<\/p>\n","protected":false},"author":1,"featured_media":0,"comment_status":"open","ping_status":"open","sticky":false,"template":"","format":"standard","meta":{"footnotes":""},"categories":[6],"tags":[],"class_list":["post-60436","post","type-post","status-publish","format-standard","has-post-thumbnail","hentry","category-deportes"],"_links":{"self":[{"href":"https:\/\/masquenoticiastucuman.com.ar\/index.php?rest_route=\/wp\/v2\/posts\/60436","targetHints":{"allow":["GET"]}}],"collection":[{"href":"https:\/\/masquenoticiastucuman.com.ar\/index.php?rest_route=\/wp\/v2\/posts"}],"about":[{"href":"https:\/\/masquenoticiastucuman.com.ar\/index.php?rest_route=\/wp\/v2\/types\/post"}],"author":[{"embeddable":true,"href":"https:\/\/masquenoticiastucuman.com.ar\/index.php?rest_route=\/wp\/v2\/users\/1"}],"replies":[{"embeddable":true,"href":"https:\/\/masquenoticiastucuman.com.ar\/index.php?rest_route=%2Fwp%2Fv2%2Fcomments&post=60436"}],"version-history":[{"count":0,"href":"https:\/\/masquenoticiastucuman.com.ar\/index.php?rest_route=\/wp\/v2\/posts\/60436\/revisions"}],"wp:attachment":[{"href":"https:\/\/masquenoticiastucuman.com.ar\/index.php?rest_route=%2Fwp%2Fv2%2Fmedia&parent=60436"}],"wp:term":[{"taxonomy":"category","embeddable":true,"href":"https:\/\/masquenoticiastucuman.com.ar\/index.php?rest_route=%2Fwp%2Fv2%2Fcategories&post=60436"},{"taxonomy":"post_tag","embeddable":true,"href":"https:\/\/masquenoticiastucuman.com.ar\/index.php?rest_route=%2Fwp%2Fv2%2Ftags&post=60436"}],"curies":[{"name":"wp","href":"https:\/\/api.w.org\/{rel}","templated":true}]}}