{"id":60437,"date":"2026-04-13T09:52:34","date_gmt":"2026-04-13T12:52:34","guid":{"rendered":"http:\/\/masquenoticiastucuman.com.ar\/?p=60437"},"modified":"2026-04-13T09:52:34","modified_gmt":"2026-04-13T12:52:34","slug":"lluvia-de-insultos-racistas-al-jugador-neerlandes-que-empujo-a-cuti-romero-y-provoco-la-lesion-que-preocupa-a-la-seleccion-inaceptable","status":"publish","type":"post","link":"https:\/\/masquenoticiastucuman.com.ar\/?p=60437","title":{"rendered":"Lluvia de insultos racistas al jugador neerland\u00e9s que empuj\u00f3 a Cuti Romero y provoc\u00f3 la lesi\u00f3n que preocupa a la Selecci\u00f3n: &#8220;Inaceptable&#8221;"},"content":{"rendered":"<ul>\n<li>Brian Brobbey recibi\u00f3 una gran cantidad de comentarios en sus redes sociales.<\/li>\n<li>Sunderland, el club rival del Tottenham el domingo, public\u00f3 un comunicado oficial e hizo una denuncia ante la Premier League.<\/li>\n<li>Se esperan los resultados de los estudios para el defensor cordob\u00e9s.<\/li>\n<\/ul>\n<p>\u200bBrian Brobbey recibi\u00f3 una gran cantidad de comentarios en sus redes sociales.Sunderland, el club rival del Tottenham el domingo, public\u00f3 un comunicado oficial e hizo una denuncia ante la Premier League.Se esperan los resultados de los estudios para el defensor cordob\u00e9s.\u00a0<a href=\"https:\/\/www.clarin.com\/deportes\/lluvia-insultos-racistas-jugador-neerlandes-empujo-cuti-romero-provoco-lesion-preocupa-seleccion-inaceptable_0_rWq5DYRBRX.html\" target=\"_blank\" class=\"feedzy-rss-link-icon\">Read More<\/a><\/p>","protected":false},"excerpt":{"rendered":"<p>Brian Brobbey recibi\u00f3 una gran cantidad de comentarios en sus redes sociales. Sunderland, el club&#8230;<\/p>\n","protected":false},"author":1,"featured_media":0,"comment_status":"open","ping_status":"open","sticky":false,"template":"","format":"standard","meta":{"footnotes":""},"categories":[6],"tags":[],"class_list":["post-60437","post","type-post","status-publish","format-standard","has-post-thumbnail","hentry","category-deportes"],"_links":{"self":[{"href":"https:\/\/masquenoticiastucuman.com.ar\/index.php?rest_route=\/wp\/v2\/posts\/60437","targetHints":{"allow":["GET"]}}],"collection":[{"href":"https:\/\/masquenoticiastucuman.com.ar\/index.php?rest_route=\/wp\/v2\/posts"}],"about":[{"href":"https:\/\/masquenoticiastucuman.com.ar\/index.php?rest_route=\/wp\/v2\/types\/post"}],"author":[{"embeddable":true,"href":"https:\/\/masquenoticiastucuman.com.ar\/index.php?rest_route=\/wp\/v2\/users\/1"}],"replies":[{"embeddable":true,"href":"https:\/\/masquenoticiastucuman.com.ar\/index.php?rest_route=%2Fwp%2Fv2%2Fcomments&post=60437"}],"version-history":[{"count":0,"href":"https:\/\/masquenoticiastucuman.com.ar\/index.php?rest_route=\/wp\/v2\/posts\/60437\/revisions"}],"wp:attachment":[{"href":"https:\/\/masquenoticiastucuman.com.ar\/index.php?rest_route=%2Fwp%2Fv2%2Fmedia&parent=60437"}],"wp:term":[{"taxonomy":"category","embeddable":true,"href":"https:\/\/masquenoticiastucuman.com.ar\/index.php?rest_route=%2Fwp%2Fv2%2Fcategories&post=60437"},{"taxonomy":"post_tag","embeddable":true,"href":"https:\/\/masquenoticiastucuman.com.ar\/index.php?rest_route=%2Fwp%2Fv2%2Ftags&post=60437"}],"curies":[{"name":"wp","href":"https:\/\/api.w.org\/{rel}","templated":true}]}}