{"id":60441,"date":"2026-04-13T13:35:07","date_gmt":"2026-04-13T16:35:07","guid":{"rendered":"http:\/\/masquenoticiastucuman.com.ar\/?p=60441"},"modified":"2026-04-13T13:35:07","modified_gmt":"2026-04-13T16:35:07","slug":"elecciones-en-peru-detienen-a-un-funcionario-electoral-tras-las-demoras-y-falta-de-boletas","status":"publish","type":"post","link":"https:\/\/masquenoticiastucuman.com.ar\/?p=60441","title":{"rendered":"Elecciones en Per\u00fa: detienen a un funcionario electoral tras las demoras y falta de boletas"},"content":{"rendered":"<ul>\n<li>La Polic\u00eda detuvo al gerente de gesti\u00f3n Electoral de la Oficina Nacional de Procesos Electorales, Jos\u00e9 Saman\u00e9 Blas.<\/li>\n<li>El domingo no se pudieron repartir c\u00e9dulas, urnas y otros elementos en 13 centros de votaci\u00f3n del sur de Lima.<\/li>\n<\/ul>\n<p>\u200bLa Polic\u00eda detuvo al gerente de gesti\u00f3n Electoral de la Oficina Nacional de Procesos Electorales, Jos\u00e9 Saman\u00e9 Blas.El domingo no se pudieron repartir c\u00e9dulas, urnas y otros elementos en 13 centros de votaci\u00f3n del sur de Lima.\u00a0<a href=\"https:\/\/www.clarin.com\/mundo\/elecciones-peru-detienen-funcionario-electoral-demoras-falta-boletas_0_ZOOxi4p6RE.html\" target=\"_blank\" class=\"feedzy-rss-link-icon\">Read More<\/a><\/p>","protected":false},"excerpt":{"rendered":"<p>La Polic\u00eda detuvo al gerente de gesti\u00f3n Electoral de la Oficina Nacional de Procesos Electorales,&#8230;<\/p>\n","protected":false},"author":1,"featured_media":60442,"comment_status":"open","ping_status":"open","sticky":false,"template":"","format":"standard","meta":{"footnotes":""},"categories":[4],"tags":[],"class_list":["post-60441","post","type-post","status-publish","format-standard","has-post-thumbnail","hentry","category-internacionales"],"_links":{"self":[{"href":"https:\/\/masquenoticiastucuman.com.ar\/index.php?rest_route=\/wp\/v2\/posts\/60441","targetHints":{"allow":["GET"]}}],"collection":[{"href":"https:\/\/masquenoticiastucuman.com.ar\/index.php?rest_route=\/wp\/v2\/posts"}],"about":[{"href":"https:\/\/masquenoticiastucuman.com.ar\/index.php?rest_route=\/wp\/v2\/types\/post"}],"author":[{"embeddable":true,"href":"https:\/\/masquenoticiastucuman.com.ar\/index.php?rest_route=\/wp\/v2\/users\/1"}],"replies":[{"embeddable":true,"href":"https:\/\/masquenoticiastucuman.com.ar\/index.php?rest_route=%2Fwp%2Fv2%2Fcomments&post=60441"}],"version-history":[{"count":0,"href":"https:\/\/masquenoticiastucuman.com.ar\/index.php?rest_route=\/wp\/v2\/posts\/60441\/revisions"}],"wp:featuredmedia":[{"embeddable":true,"href":"https:\/\/masquenoticiastucuman.com.ar\/index.php?rest_route=\/wp\/v2\/media\/60442"}],"wp:attachment":[{"href":"https:\/\/masquenoticiastucuman.com.ar\/index.php?rest_route=%2Fwp%2Fv2%2Fmedia&parent=60441"}],"wp:term":[{"taxonomy":"category","embeddable":true,"href":"https:\/\/masquenoticiastucuman.com.ar\/index.php?rest_route=%2Fwp%2Fv2%2Fcategories&post=60441"},{"taxonomy":"post_tag","embeddable":true,"href":"https:\/\/masquenoticiastucuman.com.ar\/index.php?rest_route=%2Fwp%2Fv2%2Ftags&post=60441"}],"curies":[{"name":"wp","href":"https:\/\/api.w.org\/{rel}","templated":true}]}}