{"id":60446,"date":"2026-04-13T13:25:00","date_gmt":"2026-04-13T16:25:00","guid":{"rendered":"http:\/\/masquenoticiastucuman.com.ar\/?p=60446"},"modified":"2026-04-13T13:25:00","modified_gmt":"2026-04-13T16:25:00","slug":"la-polemica-del-penal-para-boca-ante-independiente-que-dijo-el-arbitro-en-el-audio-del-var-que-difundio-la-afa","status":"publish","type":"post","link":"https:\/\/masquenoticiastucuman.com.ar\/?p=60446","title":{"rendered":"La pol\u00e9mica del penal para Boca ante Independiente: qu\u00e9 dijo el \u00e1rbitro en el audio del VAR que difundi\u00f3 la AFA"},"content":{"rendered":"<ul>\n<li>Andr\u00e9s Merlos acept\u00f3 el llamado y valid\u00f3 la infracci\u00f3n que le dio el empate 1-1 a los dirigidos por Claudio \u00dabeda.<\/li>\n<li>Mir\u00e1 el video.<\/li>\n<\/ul>\n<p>\u200bAndr\u00e9s Merlos acept\u00f3 el llamado y valid\u00f3 la infracci\u00f3n que le dio el empate 1-1 a los dirigidos por Claudio \u00dabeda.Mir\u00e1 el video.\u00a0<a href=\"https:\/\/www.clarin.com\/deportes\/polemica-penal-boca-independiente-dijo-arbitro-audio-var-difundio-afa_0_68dvY4pAfi.html\" target=\"_blank\" class=\"feedzy-rss-link-icon\">Read More<\/a><\/p>","protected":false},"excerpt":{"rendered":"<p>Andr\u00e9s Merlos acept\u00f3 el llamado y valid\u00f3 la infracci\u00f3n que le dio el empate 1-1&#8230;<\/p>\n","protected":false},"author":1,"featured_media":0,"comment_status":"open","ping_status":"open","sticky":false,"template":"","format":"standard","meta":{"footnotes":""},"categories":[6],"tags":[],"class_list":["post-60446","post","type-post","status-publish","format-standard","has-post-thumbnail","hentry","category-deportes"],"_links":{"self":[{"href":"https:\/\/masquenoticiastucuman.com.ar\/index.php?rest_route=\/wp\/v2\/posts\/60446","targetHints":{"allow":["GET"]}}],"collection":[{"href":"https:\/\/masquenoticiastucuman.com.ar\/index.php?rest_route=\/wp\/v2\/posts"}],"about":[{"href":"https:\/\/masquenoticiastucuman.com.ar\/index.php?rest_route=\/wp\/v2\/types\/post"}],"author":[{"embeddable":true,"href":"https:\/\/masquenoticiastucuman.com.ar\/index.php?rest_route=\/wp\/v2\/users\/1"}],"replies":[{"embeddable":true,"href":"https:\/\/masquenoticiastucuman.com.ar\/index.php?rest_route=%2Fwp%2Fv2%2Fcomments&post=60446"}],"version-history":[{"count":0,"href":"https:\/\/masquenoticiastucuman.com.ar\/index.php?rest_route=\/wp\/v2\/posts\/60446\/revisions"}],"wp:attachment":[{"href":"https:\/\/masquenoticiastucuman.com.ar\/index.php?rest_route=%2Fwp%2Fv2%2Fmedia&parent=60446"}],"wp:term":[{"taxonomy":"category","embeddable":true,"href":"https:\/\/masquenoticiastucuman.com.ar\/index.php?rest_route=%2Fwp%2Fv2%2Fcategories&post=60446"},{"taxonomy":"post_tag","embeddable":true,"href":"https:\/\/masquenoticiastucuman.com.ar\/index.php?rest_route=%2Fwp%2Fv2%2Ftags&post=60446"}],"curies":[{"name":"wp","href":"https:\/\/api.w.org\/{rel}","templated":true}]}}