{"id":60447,"date":"2026-04-13T13:20:46","date_gmt":"2026-04-13T16:20:46","guid":{"rendered":"http:\/\/masquenoticiastucuman.com.ar\/?p=60447"},"modified":"2026-04-13T13:20:46","modified_gmt":"2026-04-13T16:20:46","slug":"fran-cerundolo-y-un-gesto-de-fair-play-que-le-valio-una-ovacion-en-su-debut-en-el-atp-500-de-munich-tambien-gano-etcheverry-en-barcelona","status":"publish","type":"post","link":"https:\/\/masquenoticiastucuman.com.ar\/?p=60447","title":{"rendered":"Fran Cer\u00fandolo y un gesto de fair play que le vali\u00f3 una ovaci\u00f3n en su debut en el ATP 500 de Munich: tambi\u00e9n gan\u00f3 Etcheverry en Barcelona"},"content":{"rendered":"<ul>\n<li>El porte\u00f1o se llev\u00f3 los aplausos de los fan\u00e1ticos, en el triunfo s\u00f3lido sobre Nagal.<\/li>\n<li>Mir\u00e1 el video.<\/li>\n<\/ul>\n<p>\u200bEl porte\u00f1o se llev\u00f3 los aplausos de los fan\u00e1ticos, en el triunfo s\u00f3lido sobre Nagal.Mir\u00e1 el video.\u00a0<a href=\"https:\/\/www.clarin.com\/deportes\/fran-cerundolo-gesto-fair-play-valio-ovacion-debut-atp-500-munich-gano-etcheverry-barcelona_0_G4n0Im2y8e.html\" target=\"_blank\" class=\"feedzy-rss-link-icon\">Read More<\/a><\/p>","protected":false},"excerpt":{"rendered":"<p>El porte\u00f1o se llev\u00f3 los aplausos de los fan\u00e1ticos, en el triunfo s\u00f3lido sobre Nagal&#8230;.<\/p>\n","protected":false},"author":1,"featured_media":0,"comment_status":"open","ping_status":"open","sticky":false,"template":"","format":"standard","meta":{"footnotes":""},"categories":[6],"tags":[],"class_list":["post-60447","post","type-post","status-publish","format-standard","has-post-thumbnail","hentry","category-deportes"],"_links":{"self":[{"href":"https:\/\/masquenoticiastucuman.com.ar\/index.php?rest_route=\/wp\/v2\/posts\/60447","targetHints":{"allow":["GET"]}}],"collection":[{"href":"https:\/\/masquenoticiastucuman.com.ar\/index.php?rest_route=\/wp\/v2\/posts"}],"about":[{"href":"https:\/\/masquenoticiastucuman.com.ar\/index.php?rest_route=\/wp\/v2\/types\/post"}],"author":[{"embeddable":true,"href":"https:\/\/masquenoticiastucuman.com.ar\/index.php?rest_route=\/wp\/v2\/users\/1"}],"replies":[{"embeddable":true,"href":"https:\/\/masquenoticiastucuman.com.ar\/index.php?rest_route=%2Fwp%2Fv2%2Fcomments&post=60447"}],"version-history":[{"count":0,"href":"https:\/\/masquenoticiastucuman.com.ar\/index.php?rest_route=\/wp\/v2\/posts\/60447\/revisions"}],"wp:attachment":[{"href":"https:\/\/masquenoticiastucuman.com.ar\/index.php?rest_route=%2Fwp%2Fv2%2Fmedia&parent=60447"}],"wp:term":[{"taxonomy":"category","embeddable":true,"href":"https:\/\/masquenoticiastucuman.com.ar\/index.php?rest_route=%2Fwp%2Fv2%2Fcategories&post=60447"},{"taxonomy":"post_tag","embeddable":true,"href":"https:\/\/masquenoticiastucuman.com.ar\/index.php?rest_route=%2Fwp%2Fv2%2Ftags&post=60447"}],"curies":[{"name":"wp","href":"https:\/\/api.w.org\/{rel}","templated":true}]}}