{"id":60485,"date":"2026-04-14T06:00:04","date_gmt":"2026-04-14T09:00:04","guid":{"rendered":"http:\/\/masquenoticiastucuman.com.ar\/?p=60485"},"modified":"2026-04-14T06:00:04","modified_gmt":"2026-04-14T09:00:04","slug":"un-dia-salio-sin-plan-en-un-ford-a-de-1931-y-termino-viajando-por-argentina-america-y-europa","status":"publish","type":"post","link":"https:\/\/masquenoticiastucuman.com.ar\/?p=60485","title":{"rendered":"Un d\u00eda sali\u00f3 sin plan en un Ford A de 1931 y termin\u00f3 viajando por Argentina, Am\u00e9rica y Europa"},"content":{"rendered":"<ul>\n<li>A los 55 a\u00f1os, Horacio Vissani sinti\u00f3 el impulso \u201cde su sangre\u201d y se lanz\u00f3 a la ruta en su Ford A de 1931.<\/li>\n<li>Primero de Salto a La Quiaca; despu\u00e9s de Par\u00eds a Roma, y de all\u00ed por otras rutas y destinos, convirti\u00f3 a los Ford A en una forma de ver y disfrutar el mundo.<\/li>\n<\/ul>\n<p>\u200bA los 55 a\u00f1os, Horacio Vissani sinti\u00f3 el impulso \u201cde su sangre\u201d y se lanz\u00f3 a la ruta en su Ford A de 1931.Primero de Salto a La Quiaca; despu\u00e9s de Par\u00eds a Roma, y de all\u00ed por otras rutas y destinos, convirti\u00f3 a los Ford A en una forma de ver y disfrutar el mundo.\u00a0<a href=\"https:\/\/www.clarin.com\/viajes\/dia-salio-plan-ford-1931-termino-viajando-argentina-america-europa_0_hGi1egZKUQ.html\" target=\"_blank\" class=\"feedzy-rss-link-icon\">Read More<\/a><\/p>","protected":false},"excerpt":{"rendered":"<p>A los 55 a\u00f1os, Horacio Vissani sinti\u00f3 el impulso \u201cde su sangre\u201d y se lanz\u00f3&#8230;<\/p>\n","protected":false},"author":1,"featured_media":0,"comment_status":"open","ping_status":"open","sticky":false,"template":"","format":"standard","meta":{"footnotes":""},"categories":[7],"tags":[],"class_list":["post-60485","post","type-post","status-publish","format-standard","has-post-thumbnail","hentry","category-turismo"],"_links":{"self":[{"href":"https:\/\/masquenoticiastucuman.com.ar\/index.php?rest_route=\/wp\/v2\/posts\/60485","targetHints":{"allow":["GET"]}}],"collection":[{"href":"https:\/\/masquenoticiastucuman.com.ar\/index.php?rest_route=\/wp\/v2\/posts"}],"about":[{"href":"https:\/\/masquenoticiastucuman.com.ar\/index.php?rest_route=\/wp\/v2\/types\/post"}],"author":[{"embeddable":true,"href":"https:\/\/masquenoticiastucuman.com.ar\/index.php?rest_route=\/wp\/v2\/users\/1"}],"replies":[{"embeddable":true,"href":"https:\/\/masquenoticiastucuman.com.ar\/index.php?rest_route=%2Fwp%2Fv2%2Fcomments&post=60485"}],"version-history":[{"count":0,"href":"https:\/\/masquenoticiastucuman.com.ar\/index.php?rest_route=\/wp\/v2\/posts\/60485\/revisions"}],"wp:attachment":[{"href":"https:\/\/masquenoticiastucuman.com.ar\/index.php?rest_route=%2Fwp%2Fv2%2Fmedia&parent=60485"}],"wp:term":[{"taxonomy":"category","embeddable":true,"href":"https:\/\/masquenoticiastucuman.com.ar\/index.php?rest_route=%2Fwp%2Fv2%2Fcategories&post=60485"},{"taxonomy":"post_tag","embeddable":true,"href":"https:\/\/masquenoticiastucuman.com.ar\/index.php?rest_route=%2Fwp%2Fv2%2Ftags&post=60485"}],"curies":[{"name":"wp","href":"https:\/\/api.w.org\/{rel}","templated":true}]}}