{"id":60487,"date":"2026-04-14T06:00:08","date_gmt":"2026-04-14T09:00:08","guid":{"rendered":"http:\/\/masquenoticiastucuman.com.ar\/?p=60487"},"modified":"2026-04-14T06:00:08","modified_gmt":"2026-04-14T09:00:08","slug":"gout-gout-el-nuevo-hijo-del-viento-que-corria-con-zapatillas-de-lona-y-tiene-el-nombre-equivocado-de-adorar-a-cristiano-ronaldo-a-ser-el-heredero-de-usain-bolt","status":"publish","type":"post","link":"https:\/\/masquenoticiastucuman.com.ar\/?p=60487","title":{"rendered":"Gout Gout, el nuevo hijo del viento que corr\u00eda con zapatillas de lona y tiene el nombre equivocado: de adorar a Cristiano Ronaldo a ser el heredero de Usain Bolt"},"content":{"rendered":"<ul>\n<li>El atleta naci\u00f3 en Ipswich, Australia, donde sus padres se hab\u00edan refugiado tras huir de la guerra en Sud\u00e1n del Sur.<\/li>\n<li>El domingo rompi\u00f3 el r\u00e9cord mundial junior en 200 metros en el Campeonato Nacional de Atletismo.<\/li>\n<\/ul>\n<p>\u200bEl atleta naci\u00f3 en Ipswich, Australia, donde sus padres se hab\u00edan refugiado tras huir de la guerra en Sud\u00e1n del Sur.El domingo rompi\u00f3 el r\u00e9cord mundial junior en 200 metros en el Campeonato Nacional de Atletismo.\u00a0<a href=\"https:\/\/www.clarin.com\/deportes\/gout-gout-nuevo-hijo-viento-corria-zapatillas-lona-nombre-equivocado-adorar-cristiano-ronaldo-heredero-usain-bolt_0_VFanzQaGyP.html\" target=\"_blank\" class=\"feedzy-rss-link-icon\">Read More<\/a><\/p>","protected":false},"excerpt":{"rendered":"<p>El atleta naci\u00f3 en Ipswich, Australia, donde sus padres se hab\u00edan refugiado tras huir de&#8230;<\/p>\n","protected":false},"author":1,"featured_media":0,"comment_status":"open","ping_status":"open","sticky":false,"template":"","format":"standard","meta":{"footnotes":""},"categories":[6],"tags":[],"class_list":["post-60487","post","type-post","status-publish","format-standard","has-post-thumbnail","hentry","category-deportes"],"_links":{"self":[{"href":"https:\/\/masquenoticiastucuman.com.ar\/index.php?rest_route=\/wp\/v2\/posts\/60487","targetHints":{"allow":["GET"]}}],"collection":[{"href":"https:\/\/masquenoticiastucuman.com.ar\/index.php?rest_route=\/wp\/v2\/posts"}],"about":[{"href":"https:\/\/masquenoticiastucuman.com.ar\/index.php?rest_route=\/wp\/v2\/types\/post"}],"author":[{"embeddable":true,"href":"https:\/\/masquenoticiastucuman.com.ar\/index.php?rest_route=\/wp\/v2\/users\/1"}],"replies":[{"embeddable":true,"href":"https:\/\/masquenoticiastucuman.com.ar\/index.php?rest_route=%2Fwp%2Fv2%2Fcomments&post=60487"}],"version-history":[{"count":0,"href":"https:\/\/masquenoticiastucuman.com.ar\/index.php?rest_route=\/wp\/v2\/posts\/60487\/revisions"}],"wp:attachment":[{"href":"https:\/\/masquenoticiastucuman.com.ar\/index.php?rest_route=%2Fwp%2Fv2%2Fmedia&parent=60487"}],"wp:term":[{"taxonomy":"category","embeddable":true,"href":"https:\/\/masquenoticiastucuman.com.ar\/index.php?rest_route=%2Fwp%2Fv2%2Fcategories&post=60487"},{"taxonomy":"post_tag","embeddable":true,"href":"https:\/\/masquenoticiastucuman.com.ar\/index.php?rest_route=%2Fwp%2Fv2%2Ftags&post=60487"}],"curies":[{"name":"wp","href":"https:\/\/api.w.org\/{rel}","templated":true}]}}