{"id":60488,"date":"2026-04-14T06:00:06","date_gmt":"2026-04-14T09:00:06","guid":{"rendered":"http:\/\/masquenoticiastucuman.com.ar\/?p=60488"},"modified":"2026-04-14T06:00:06","modified_gmt":"2026-04-14T09:00:06","slug":"sinner-y-alcaraz-los-duenos-del-tenis-y-una-lucha-alocada-por-ver-quien-de-los-dos-se-aduena-del-numero-1-del-ranking-mundial","status":"publish","type":"post","link":"https:\/\/masquenoticiastucuman.com.ar\/?p=60488","title":{"rendered":"Sinner y Alcaraz, los due\u00f1os del tenis y una lucha alocada por ver qui\u00e9n de los dos se adue\u00f1a del n\u00famero 1 del ranking mundial"},"content":{"rendered":"<ul>\n<li>El italiano acaba de desplazar al espa\u00f1ol de la cima de la clasificaci\u00f3n<\/li>\n<li>Sin embargo, mientras el resto mira de lejos, el mando puede cambiar semana a semana.<\/li>\n<li>De hecho, el de Murcia puede volver a reinar desde el pr\u00f3ximo lunes.<\/li>\n<\/ul>\n<p>\u200bEl italiano acaba de desplazar al espa\u00f1ol de la cima de la clasificaci\u00f3nSin embargo, mientras el resto mira de lejos, el mando puede cambiar semana a semana.De hecho, el de Murcia puede volver a reinar desde el pr\u00f3ximo lunes.\u00a0<a href=\"https:\/\/www.clarin.com\/deportes\/sinner-alcaraz-duenos-tenis-lucha-alocada-ver-aduena-numero-1-ranking-mundial_0_ipTfViGWMl.html\" target=\"_blank\" class=\"feedzy-rss-link-icon\">Read More<\/a><\/p>","protected":false},"excerpt":{"rendered":"<p>El italiano acaba de desplazar al espa\u00f1ol de la cima de la clasificaci\u00f3n Sin embargo,&#8230;<\/p>\n","protected":false},"author":1,"featured_media":0,"comment_status":"open","ping_status":"open","sticky":false,"template":"","format":"standard","meta":{"footnotes":""},"categories":[6],"tags":[],"class_list":["post-60488","post","type-post","status-publish","format-standard","has-post-thumbnail","hentry","category-deportes"],"_links":{"self":[{"href":"https:\/\/masquenoticiastucuman.com.ar\/index.php?rest_route=\/wp\/v2\/posts\/60488","targetHints":{"allow":["GET"]}}],"collection":[{"href":"https:\/\/masquenoticiastucuman.com.ar\/index.php?rest_route=\/wp\/v2\/posts"}],"about":[{"href":"https:\/\/masquenoticiastucuman.com.ar\/index.php?rest_route=\/wp\/v2\/types\/post"}],"author":[{"embeddable":true,"href":"https:\/\/masquenoticiastucuman.com.ar\/index.php?rest_route=\/wp\/v2\/users\/1"}],"replies":[{"embeddable":true,"href":"https:\/\/masquenoticiastucuman.com.ar\/index.php?rest_route=%2Fwp%2Fv2%2Fcomments&post=60488"}],"version-history":[{"count":0,"href":"https:\/\/masquenoticiastucuman.com.ar\/index.php?rest_route=\/wp\/v2\/posts\/60488\/revisions"}],"wp:attachment":[{"href":"https:\/\/masquenoticiastucuman.com.ar\/index.php?rest_route=%2Fwp%2Fv2%2Fmedia&parent=60488"}],"wp:term":[{"taxonomy":"category","embeddable":true,"href":"https:\/\/masquenoticiastucuman.com.ar\/index.php?rest_route=%2Fwp%2Fv2%2Fcategories&post=60488"},{"taxonomy":"post_tag","embeddable":true,"href":"https:\/\/masquenoticiastucuman.com.ar\/index.php?rest_route=%2Fwp%2Fv2%2Ftags&post=60488"}],"curies":[{"name":"wp","href":"https:\/\/api.w.org\/{rel}","templated":true}]}}