{"id":60502,"date":"2026-04-14T09:53:03","date_gmt":"2026-04-14T12:53:03","guid":{"rendered":"https:\/\/masquenoticiastucuman.com.ar\/?p=60502"},"modified":"2026-04-14T09:53:03","modified_gmt":"2026-04-14T12:53:03","slug":"la-banda-sinfonica-pondra-en-escena-sinfonia-otonal-este-domingo-en-el-teatro-san-martin","status":"publish","type":"post","link":"https:\/\/masquenoticiastucuman.com.ar\/?p=60502","title":{"rendered":"La Banda Sinf\u00f3nica pondr\u00e1 en escena \u00abSinfon\u00eda oto\u00f1al\u00bb este domingo en el Teatro San Mart\u00edn"},"content":{"rendered":"\n<p>Un viaje sonoro que atraviesa paisajes evocativos, tradiciones sinf\u00f3nicas y deslumbrantes desaf\u00edos t\u00e9cnicos: \u201cSinfon\u00eda oto\u00f1al\u201d invita a descubrir la potencia expresiva y la versatilidad de la banda sinf\u00f3nica en un concierto que combina historia, emoci\u00f3n y modernidad bajo una misma batuta.<\/p>\n\n\n\n<p id=\"isPasted\">La Banda Sinf\u00f3nica de la Provincia, bajo la direcci\u00f3n del Mtro.&nbsp;<strong>H\u00e9ctor Lizana,<\/strong>&nbsp;ofrecer\u00e1 el espect\u00e1culo \u00abSinfon\u00eda oto\u00f1al\u00bb; concierto con un programa de gran riqueza estil\u00edstica y expresiva que recorre distintos lenguajes de la m\u00fasica para banda.<\/p>\n\n\n\n<p>La presentaci\u00f3n se realizar\u00e1 el domingo 19 de abril a las 20 horas, en el Teatro San Mart\u00edn (Av. Sarmiento 601). Entrada general: $15.000 \u2013Jubilados y Estudiantes $10.000.<\/p>\n\n\n\n<p>El concierto se abrir\u00e1 con Sedona del compositor estadounidense<strong>&nbsp;Steve Reineke,<\/strong>&nbsp;obra de car\u00e1cter evocativo que transporta al oyente a paisajes sonoros amplios y cinematogr\u00e1ficos.<\/p>\n\n\n\n<p>A continuaci\u00f3n, se interpretar\u00e1 la Sinfonia per Banda, de<strong>&nbsp;Amilcare Ponchielli,&nbsp;<\/strong>con arreglo de&nbsp;<strong>Franco Cesarini,&nbsp;<\/strong>se trata de una pieza de gran valor hist\u00f3rico que refleja la transici\u00f3n de la escritura sinf\u00f3nica hacia el formato band\u00edstico.<\/p>\n\n\n\n<p>El programa contin\u00faa con Fantas\u00eda y variaciones sobre un tema de Paganini, del compositor estadounidense<strong>&nbsp;James Barnes<\/strong>, obra virtuosa y de gran exigencia t\u00e9cnica, que explora Como eje central del concierto, se presentar\u00e1 la Sinfon\u00eda N.\u00ba 4, de Alfred Reed, una de las obras m\u00e1s significativas del repertorio sinf\u00f3nico para banda.<\/p>\n\n\n\n<p>Este programa propone un recorrido que conjuga tradici\u00f3n, virtuosismo y modernidad, reafirmando el valor art\u00edstico y la versatilidad de la banda sinf\u00f3nica como formaci\u00f3n instrumental.<\/p>\n\n\n\n<p>Rese\u00f1as de las obras Sedona \u2013 Steve Reineke<\/p>\n\n\n\n<p>Obra de car\u00e1cter descriptivo y cinematogr\u00e1fico, Sedona evoca los imponentes paisajes del suroeste de Estados Unidos. A trav\u00e9s de amplias melod\u00edas, colores brillantes y contrastes din\u00e1micos, la m\u00fasica construye una atm\u00f3sfera expansiva y contemplativa.<\/p>\n\n\n\n<p>Sinfonia per Banda \u2013 Amilcare Ponchielli (arr. Franco Cesarini)<\/p>\n\n\n\n<p>Esta obra representa uno de los primeros aportes significativos al repertori sinf\u00f3nico original para banda. De lenguaje rom\u00e1ntico y clara influencia oper\u00edstica, combina lirismo, dramatismo y vitalidad r\u00edtmica.<\/p>\n\n\n\n<p>Fantas\u00eda y variaciones sobre un tema de Paganini \u2013 James Barnes<\/p>\n\n\n\n<p>Basada en el c\u00e9lebre tema de Niccol\u00f2 Paganini, esta obra despliega una serie de variaciones que exploran distintas posibilidades t\u00e9cnicas y expresivas de la banda. De gran virtuosismo, alterna momentos de brillantez con pasajes l\u00edricos.<\/p>\n\n\n\n<p>Sinfon\u00eda N.\u00ba 4 \u2013 Alfred Reed<\/p>\n\n\n\n<p>Considerada una de las cumbres del repertorio para banda sinf\u00f3nica, esta sinfon\u00eda se distingue por su profundidad expresiva y su s\u00f3lida arquitectura formal.<\/p>\n","protected":false},"excerpt":{"rendered":"<p>Un viaje sonoro que atraviesa paisajes evocativos, tradiciones sinf\u00f3nicas y deslumbrantes desaf\u00edos t\u00e9cnicos: \u201cSinfon\u00eda oto\u00f1al\u201d&#8230;<\/p>\n","protected":false},"author":2,"featured_media":60503,"comment_status":"open","ping_status":"open","sticky":false,"template":"","format":"standard","meta":{"footnotes":""},"categories":[2],"tags":[],"class_list":["post-60502","post","type-post","status-publish","format-standard","has-post-thumbnail","hentry","category-locales"],"_links":{"self":[{"href":"https:\/\/masquenoticiastucuman.com.ar\/index.php?rest_route=\/wp\/v2\/posts\/60502","targetHints":{"allow":["GET"]}}],"collection":[{"href":"https:\/\/masquenoticiastucuman.com.ar\/index.php?rest_route=\/wp\/v2\/posts"}],"about":[{"href":"https:\/\/masquenoticiastucuman.com.ar\/index.php?rest_route=\/wp\/v2\/types\/post"}],"author":[{"embeddable":true,"href":"https:\/\/masquenoticiastucuman.com.ar\/index.php?rest_route=\/wp\/v2\/users\/2"}],"replies":[{"embeddable":true,"href":"https:\/\/masquenoticiastucuman.com.ar\/index.php?rest_route=%2Fwp%2Fv2%2Fcomments&post=60502"}],"version-history":[{"count":1,"href":"https:\/\/masquenoticiastucuman.com.ar\/index.php?rest_route=\/wp\/v2\/posts\/60502\/revisions"}],"predecessor-version":[{"id":60504,"href":"https:\/\/masquenoticiastucuman.com.ar\/index.php?rest_route=\/wp\/v2\/posts\/60502\/revisions\/60504"}],"wp:featuredmedia":[{"embeddable":true,"href":"https:\/\/masquenoticiastucuman.com.ar\/index.php?rest_route=\/wp\/v2\/media\/60503"}],"wp:attachment":[{"href":"https:\/\/masquenoticiastucuman.com.ar\/index.php?rest_route=%2Fwp%2Fv2%2Fmedia&parent=60502"}],"wp:term":[{"taxonomy":"category","embeddable":true,"href":"https:\/\/masquenoticiastucuman.com.ar\/index.php?rest_route=%2Fwp%2Fv2%2Fcategories&post=60502"},{"taxonomy":"post_tag","embeddable":true,"href":"https:\/\/masquenoticiastucuman.com.ar\/index.php?rest_route=%2Fwp%2Fv2%2Ftags&post=60502"}],"curies":[{"name":"wp","href":"https:\/\/api.w.org\/{rel}","templated":true}]}}