{"id":60505,"date":"2026-04-14T11:10:26","date_gmt":"2026-04-14T14:10:26","guid":{"rendered":"https:\/\/masquenoticiastucuman.com.ar\/?p=60505"},"modified":"2026-04-14T11:10:26","modified_gmt":"2026-04-14T14:10:26","slug":"jaldo-se-reunio-con-vicegobernadores-del-norte-grande-para-dialogar-sobre-la-agenda-regional","status":"publish","type":"post","link":"https:\/\/masquenoticiastucuman.com.ar\/?p=60505","title":{"rendered":"Jaldo se reuni\u00f3 con Vicegobernadores del Norte Grande para dialogar sobre la agenda regional"},"content":{"rendered":"\n<p>La antesala de la 57\u00aa Sesi\u00f3n Plenaria del Parlamento del Norte Grande Argentino reuni\u00f3 en Tucum\u00e1n a autoridades legislativas del NOA y NEA. En ese marco, el gobernador Osvaldo Jaldo recibi\u00f3 a las delegaciones en Casa de Gobierno junto al vicegobernador Miguel Acevedo, con el objetivo de fortalecer la agenda federal y coordinar proyectos para la regi\u00f3n.<\/p>\n\n\n\n<p>En esa l\u00ednea, el objetivo del Parlamento del Norte Grande Argentino es ser un espacio de debate sobre recursos provinciales, obras p\u00fablicas, servicios esenciales y la relaci\u00f3n entre Naci\u00f3n y provincias.<\/p>\n\n\n\n<p>Estuvieron presentes: el vicegobernador de Santiago del Estero y presidente del Parlamento del Norte Grande, Carlos Silva Neder; el vicegobernador de Salta, Antonio Marocco; la vicegobernadora de La Rioja, Teresita Madera; el vicegobernador de Jujuy, Alberto Bernis; la vicepresidenta provisoria de la C\u00e1mara de Senadores de Catamarca, Romina Williams; el presidente de la C\u00e1mara de Diputados de Corrientes, Eduardo Tassano; el vicepresidente primero del Senado de Corrientes, Henry Fick; y la presidenta de la C\u00e1mara de Diputados de Chaco, Carmen Delgado.<\/p>\n\n\n\n<p>Durante la recepci\u00f3n, el mandatario tucumano valor\u00f3 la realizaci\u00f3n del encuentro en la provincia y el trabajo conjunto de las jurisdicciones del norte argentino. \u201cPara nosotros es un honor y un orgullo que representantes de diez provincias, fundamentalmente los vicegobernadores, hayan decidido sesionar el Parlamento del NOA en la provincia de Tucum\u00e1n, donde naci\u00f3 nuestra patria argentina\u201d, expres\u00f3.<\/p>\n\n\n\n<p>El Gobernador explic\u00f3 los principales ejes de la agenda regional y detall\u00f3 los temas abordados en la jornada. Al respecto, sostuvo: \u201cHoy tienen una agenda importante vinculada a los recursos provinciales, las obras p\u00fablicas, los servicios esenciales que las provincias deben brindar y la relaci\u00f3n provincias-Naci\u00f3n. Es necesario que la Naci\u00f3n empiece a aplicar un verdadero federalismo con hechos concretos\u201d.<\/p>\n\n\n\n<p>Asimismo, explic\u00f3 la participaci\u00f3n del sector privado en las actividades previas y la elaboraci\u00f3n de consensos regionales. \u201cTras el debate de las comisiones, que tienen m\u00e1s de cien proyectos para tratar, van a consensuar un dictamen o comunicado com\u00fan para comunicar al Gobierno nacional los planteos que realizan las legislaturas provinciales\u201d, indic\u00f3.<\/p>\n\n\n\n<p>Por su parte, remarc\u00f3 que el intercambio permiti\u00f3 identificar problem\u00e1ticas comunes que atraviesan a las provincias del norte argentino, especialmente vinculadas a la situaci\u00f3n econ\u00f3mica.<\/p>\n\n\n\n<p>El vicegobernador Acevedo se\u00f1al\u00f3 que en el \u00e1mbito del Parlamento del Norte Grande se vienen planteando inquietudes al Gobierno nacional. Entre ellas, mencion\u00f3 la necesidad de reactivar la microeconom\u00eda, ante la ca\u00edda del consumo y la disminuci\u00f3n de los recursos coparticipables. \u201cSi la coparticipaci\u00f3n contin\u00faa bajando, es la gran preocupaci\u00f3n de todos los vicegobernadores\u201d, expres\u00f3.<\/p>\n\n\n\n<p>Acevedo tambi\u00e9n hizo hincapi\u00e9 en la necesidad de consolidar una mirada regional: \u201cQueremos trabajar con di\u00e1logo y armon\u00eda, buscando soluciones que impacten en la ciudadan\u00eda de cada una de nuestras provincias\u201d.<\/p>\n\n\n\n<p>El presidente de la Legislatura tucumana adelant\u00f3, adem\u00e1s, que se trabaja en la elaboraci\u00f3n de propuestas conjuntas para elevar al Gobierno nacional. \u201cEstamos pensando en pol\u00edticas p\u00fablicas que reflejen las necesidades de nuestra regi\u00f3n\u201d, indic\u00f3 y anticip\u00f3 que el presidente del cuerpo, Carlos Silva Neder, ser\u00e1 el encargado de profundizar estos lineamientos.<\/p>\n\n\n\n<p>El presidente del Parlamento del Norte Grande, Carlos Silva Neder, destac\u00f3 el car\u00e1cter federal del encuentro y la situaci\u00f3n compartida por las provincias. \u201cHay un com\u00fan denominador en la situaci\u00f3n particular que atraviesan las administraciones provinciales, con recortes de fondos nacionales y un incremento de obligaciones que deben asumir las provincias\u201d, afirm\u00f3.<\/p>\n\n\n\n<p>Por su parte, el vicegobernador de Salta, Antonio Marocco, subray\u00f3 el an\u00e1lisis conjunto de la realidad econ\u00f3mica regional. En ese sentido, se\u00f1al\u00f3: \u201cEstamos haciendo un esfuerzo para seguir dando respuesta a la problem\u00e1tica que se ha recrudecido por la baja de la coparticipaci\u00f3n federal y por necesidades que la Naci\u00f3n deja de cumplir y que deben asumir las provincias\u201d.<\/p>\n\n\n\n<p>La vicegobernadora de La Rioja, Teresita Madera, valor\u00f3 la convocatoria y expres\u00f3 que \u00ablas pol\u00edticas p\u00fablicas que el gobierno nacional ha decidido implementar, que tienen que ver con un modelo econ\u00f3mico, est\u00e1 afectando duramente a las provincias\u201d.<\/p>\n\n\n\n<p>Asimismo, advirti\u00f3 sobre la situaci\u00f3n de los sectores productivos: \u201cHoy, la crisis por la que atraviesan las econom\u00edas regionales, por la falta de mantenimiento de las rutas, por la falta de incentivos para poder lograr que productores o gente vinculada al sector privado, a la industria, a la producci\u00f3n, al turismo, al comercio, pueda volver a ponerse de pie en una situaci\u00f3n compleja, porque el consumo, como se ha visto afectado en este tiempo, es lamentable y repercute en las econom\u00edas locales\u201d.<\/p>\n\n\n\n<p>Finalmente, afirm\u00f3: \u201cnos llevamos la tarea de poder pensarnos como norte argentino, pero tambi\u00e9n de levantar la voz de manera fuerte en defensa de nuestra regi\u00f3n\u201d.<\/p>\n\n\n\n<p>A su turno, el vicegobernador de Jujuy, Alberto Bernis, destac\u00f3 el \u00e1mbito de debate regional: \u201cEn el foro del Parlamento Norte Grande, discutimos los problemas que enfrenta nuestra regi\u00f3n debido a la falta de recursos y obras p\u00fablicas, exacerbada por el gobierno nacional. La retenci\u00f3n de fondos provinciales perjudica al Norte Grande, que produce una parte significativa del PIB argentino. Es crucial unirnos para abogar por pol\u00edticas que prioricen la justicia social y la inversi\u00f3n en obra p\u00fablica, generando empleo y dignidad para nuestra gente\u201d.<\/p>\n\n\n\n<p>Bernis tambi\u00e9n subray\u00f3 el peso econ\u00f3mico de la regi\u00f3n: \u201cNosotros somos una regi\u00f3n que producimos casi el treinta por ciento del producto bruto interno de la Rep\u00fablica Argentina. Tenemos que casi un treinta por ciento de la poblaci\u00f3n tambi\u00e9n y realmente estamos olvidados\u201d.<\/p>\n\n\n\n<p>Adem\u00e1s, indic\u00f3: \u201cEntonces, es muy importante que nos juntemos, que nos expresemos y que digamos la verdad lo que est\u00e1 pasando en el pa\u00eds\u201d.<\/p>\n\n\n\n<p>Sobre las pol\u00edticas p\u00fablicas, agreg\u00f3: \u201cTenemos una econom\u00eda que no se sostiene en base a la macro solamente, sino tenemos que pensar en la gente, en la gente que m\u00e1s necesita, en realizar pol\u00edticas que tengan que ver con la verdadera y real justicia social para llegar a los sectores m\u00e1s necesitados y fortalecer el tema de la obra p\u00fablica que genera el empleo\u201d.<\/p>\n\n\n\n<p>La reuni\u00f3n fortaleci\u00f3 el trabajo coordinado entre los poderes legislativos del Norte Grande y consolid\u00f3 una agenda com\u00fan orientada a defender los intereses regionales y promover pol\u00edticas p\u00fablicas federales para el desarrollo del interior argentino.<\/p>\n\n\n\n<p><\/p>\n","protected":false},"excerpt":{"rendered":"<p>La antesala de la 57\u00aa Sesi\u00f3n Plenaria del Parlamento del Norte Grande Argentino reuni\u00f3 en&#8230;<\/p>\n","protected":false},"author":2,"featured_media":60506,"comment_status":"open","ping_status":"open","sticky":false,"template":"","format":"standard","meta":{"footnotes":""},"categories":[2],"tags":[],"class_list":["post-60505","post","type-post","status-publish","format-standard","has-post-thumbnail","hentry","category-locales"],"_links":{"self":[{"href":"https:\/\/masquenoticiastucuman.com.ar\/index.php?rest_route=\/wp\/v2\/posts\/60505","targetHints":{"allow":["GET"]}}],"collection":[{"href":"https:\/\/masquenoticiastucuman.com.ar\/index.php?rest_route=\/wp\/v2\/posts"}],"about":[{"href":"https:\/\/masquenoticiastucuman.com.ar\/index.php?rest_route=\/wp\/v2\/types\/post"}],"author":[{"embeddable":true,"href":"https:\/\/masquenoticiastucuman.com.ar\/index.php?rest_route=\/wp\/v2\/users\/2"}],"replies":[{"embeddable":true,"href":"https:\/\/masquenoticiastucuman.com.ar\/index.php?rest_route=%2Fwp%2Fv2%2Fcomments&post=60505"}],"version-history":[{"count":1,"href":"https:\/\/masquenoticiastucuman.com.ar\/index.php?rest_route=\/wp\/v2\/posts\/60505\/revisions"}],"predecessor-version":[{"id":60507,"href":"https:\/\/masquenoticiastucuman.com.ar\/index.php?rest_route=\/wp\/v2\/posts\/60505\/revisions\/60507"}],"wp:featuredmedia":[{"embeddable":true,"href":"https:\/\/masquenoticiastucuman.com.ar\/index.php?rest_route=\/wp\/v2\/media\/60506"}],"wp:attachment":[{"href":"https:\/\/masquenoticiastucuman.com.ar\/index.php?rest_route=%2Fwp%2Fv2%2Fmedia&parent=60505"}],"wp:term":[{"taxonomy":"category","embeddable":true,"href":"https:\/\/masquenoticiastucuman.com.ar\/index.php?rest_route=%2Fwp%2Fv2%2Fcategories&post=60505"},{"taxonomy":"post_tag","embeddable":true,"href":"https:\/\/masquenoticiastucuman.com.ar\/index.php?rest_route=%2Fwp%2Fv2%2Ftags&post=60505"}],"curies":[{"name":"wp","href":"https:\/\/api.w.org\/{rel}","templated":true}]}}