{"id":60510,"date":"2026-04-14T09:49:15","date_gmt":"2026-04-14T12:49:15","guid":{"rendered":"http:\/\/masquenoticiastucuman.com.ar\/?p=60510"},"modified":"2026-04-14T09:49:15","modified_gmt":"2026-04-14T12:49:15","slug":"dios-no-esta-con-los-prepotentes-ni-los-soberbios-afirma-el-papa-desde-argelia-en-plena-pelea-con-trump","status":"publish","type":"post","link":"https:\/\/masquenoticiastucuman.com.ar\/?p=60510","title":{"rendered":"&#8220;Dios no est\u00e1 con los prepotentes ni los soberbios&#8221;, afirma el Papa desde Argelia en plena pelea con Trump"},"content":{"rendered":"<ul>\n<li>Le\u00f3n habl\u00f3 en un peque\u00f1o centro para ancianos en Annaba y dijo que &#8220;el coraz\u00f3n de Dios est\u00e1 con los peque\u00f1os y los humildes&#8221;.<\/li>\n<li>El fin de semana Trump lo llam\u00f3 &#8220;d\u00e9bil&#8221; y el pont\u00edfice replic\u00f3 que el presidente de EE.UU. &#8220;no entiende el mensaje del Evangelio&#8221;.<\/li>\n<\/ul>\n<p>\u200bLe\u00f3n habl\u00f3 en un peque\u00f1o centro para ancianos en Annaba y dijo que &#8220;el coraz\u00f3n de Dios est\u00e1 con los peque\u00f1os y los humildes&#8221;.El fin de semana Trump lo llam\u00f3 &#8220;d\u00e9bil&#8221; y el pont\u00edfice replic\u00f3 que el presidente de EE.UU. &#8220;no entiende el mensaje del Evangelio&#8221;.\u00a0<a href=\"https:\/\/www.clarin.com\/mundo\/dios-prepotentes-soberbios-afirma-papa-argelia-plena-pelea-trump_0_lwciodR5P4.html\" target=\"_blank\" class=\"feedzy-rss-link-icon\">Read More<\/a><\/p>","protected":false},"excerpt":{"rendered":"<p>Le\u00f3n habl\u00f3 en un peque\u00f1o centro para ancianos en Annaba y dijo que &#8220;el coraz\u00f3n&#8230;<\/p>\n","protected":false},"author":1,"featured_media":60511,"comment_status":"open","ping_status":"open","sticky":false,"template":"","format":"standard","meta":{"footnotes":""},"categories":[4],"tags":[],"class_list":["post-60510","post","type-post","status-publish","format-standard","has-post-thumbnail","hentry","category-internacionales"],"_links":{"self":[{"href":"https:\/\/masquenoticiastucuman.com.ar\/index.php?rest_route=\/wp\/v2\/posts\/60510","targetHints":{"allow":["GET"]}}],"collection":[{"href":"https:\/\/masquenoticiastucuman.com.ar\/index.php?rest_route=\/wp\/v2\/posts"}],"about":[{"href":"https:\/\/masquenoticiastucuman.com.ar\/index.php?rest_route=\/wp\/v2\/types\/post"}],"author":[{"embeddable":true,"href":"https:\/\/masquenoticiastucuman.com.ar\/index.php?rest_route=\/wp\/v2\/users\/1"}],"replies":[{"embeddable":true,"href":"https:\/\/masquenoticiastucuman.com.ar\/index.php?rest_route=%2Fwp%2Fv2%2Fcomments&post=60510"}],"version-history":[{"count":0,"href":"https:\/\/masquenoticiastucuman.com.ar\/index.php?rest_route=\/wp\/v2\/posts\/60510\/revisions"}],"wp:featuredmedia":[{"embeddable":true,"href":"https:\/\/masquenoticiastucuman.com.ar\/index.php?rest_route=\/wp\/v2\/media\/60511"}],"wp:attachment":[{"href":"https:\/\/masquenoticiastucuman.com.ar\/index.php?rest_route=%2Fwp%2Fv2%2Fmedia&parent=60510"}],"wp:term":[{"taxonomy":"category","embeddable":true,"href":"https:\/\/masquenoticiastucuman.com.ar\/index.php?rest_route=%2Fwp%2Fv2%2Fcategories&post=60510"},{"taxonomy":"post_tag","embeddable":true,"href":"https:\/\/masquenoticiastucuman.com.ar\/index.php?rest_route=%2Fwp%2Fv2%2Ftags&post=60510"}],"curies":[{"name":"wp","href":"https:\/\/api.w.org\/{rel}","templated":true}]}}