{"id":60514,"date":"2026-04-14T10:21:38","date_gmt":"2026-04-14T13:21:38","guid":{"rendered":"http:\/\/masquenoticiastucuman.com.ar\/?p=60514"},"modified":"2026-04-14T10:21:38","modified_gmt":"2026-04-14T13:21:38","slug":"la-pelicula-horrible-que-junto-a-marlon-brando-val-kilmer-y-el-hombre-rata-de-susana-gimenez","status":"publish","type":"post","link":"https:\/\/masquenoticiastucuman.com.ar\/?p=60514","title":{"rendered":"La pel\u00edcula horrible que junt\u00f3 a Marlon Brando, Val Kilmer y el Hombre Rata de Susana Gim\u00e9nez"},"content":{"rendered":"<ul>\n<li>&#8220;La isla del Doctor Moreau&#8221; se estren\u00f3 hace treinta a\u00f1os y fue un desastre, al punto que est\u00e1 en el cuarto puesto en &#8220;Lista negra de filmes con actores geniales&#8221;.<\/li>\n<li>Brando y Kilmer no se hablaban, y tampoco respetaban al director, que tuvo que renunciar, mientras el m\u00edtico Vito Corleone pidi\u00f3 m\u00e1s minutos de pantalla para el Hombre Rata.<\/li>\n<li>Durante el rodaje, se suicid\u00f3 la hija de Brando y a Val Kilmer la mujer le pidi\u00f3 el divorcio.<\/li>\n<\/ul>\n<p>\u200b&#8221;La isla del Doctor Moreau&#8221; se estren\u00f3 hace treinta a\u00f1os y fue un desastre, al punto que est\u00e1 en el cuarto puesto en &#8220;Lista negra de filmes con actores geniales&#8221;.Brando y Kilmer no se hablaban, y tampoco respetaban al director, que tuvo que renunciar, mientras el m\u00edtico Vito Corleone pidi\u00f3 m\u00e1s minutos de pantalla para el Hombre Rata.Durante el rodaje, se suicid\u00f3 la hija de Brando y a Val Kilmer la mujer le pidi\u00f3 el divorcio.\u00a0<a href=\"https:\/\/www.clarin.com\/espectaculos\/pelicula-horrible-junto-marlon-brando-val-kilmer-hombre-rata-susana-gimenez_0_YyCDwxnGyC.html\" target=\"_blank\" class=\"feedzy-rss-link-icon\">Read More<\/a><\/p>","protected":false},"excerpt":{"rendered":"<p>&#8220;La isla del Doctor Moreau&#8221; se estren\u00f3 hace treinta a\u00f1os y fue un desastre, al&#8230;<\/p>\n","protected":false},"author":1,"featured_media":0,"comment_status":"open","ping_status":"open","sticky":false,"template":"","format":"standard","meta":{"footnotes":""},"categories":[5],"tags":[],"class_list":["post-60514","post","type-post","status-publish","format-standard","has-post-thumbnail","hentry","category-espectaculo"],"_links":{"self":[{"href":"https:\/\/masquenoticiastucuman.com.ar\/index.php?rest_route=\/wp\/v2\/posts\/60514","targetHints":{"allow":["GET"]}}],"collection":[{"href":"https:\/\/masquenoticiastucuman.com.ar\/index.php?rest_route=\/wp\/v2\/posts"}],"about":[{"href":"https:\/\/masquenoticiastucuman.com.ar\/index.php?rest_route=\/wp\/v2\/types\/post"}],"author":[{"embeddable":true,"href":"https:\/\/masquenoticiastucuman.com.ar\/index.php?rest_route=\/wp\/v2\/users\/1"}],"replies":[{"embeddable":true,"href":"https:\/\/masquenoticiastucuman.com.ar\/index.php?rest_route=%2Fwp%2Fv2%2Fcomments&post=60514"}],"version-history":[{"count":0,"href":"https:\/\/masquenoticiastucuman.com.ar\/index.php?rest_route=\/wp\/v2\/posts\/60514\/revisions"}],"wp:attachment":[{"href":"https:\/\/masquenoticiastucuman.com.ar\/index.php?rest_route=%2Fwp%2Fv2%2Fmedia&parent=60514"}],"wp:term":[{"taxonomy":"category","embeddable":true,"href":"https:\/\/masquenoticiastucuman.com.ar\/index.php?rest_route=%2Fwp%2Fv2%2Fcategories&post=60514"},{"taxonomy":"post_tag","embeddable":true,"href":"https:\/\/masquenoticiastucuman.com.ar\/index.php?rest_route=%2Fwp%2Fv2%2Ftags&post=60514"}],"curies":[{"name":"wp","href":"https:\/\/api.w.org\/{rel}","templated":true}]}}