{"id":60517,"date":"2026-04-14T12:12:46","date_gmt":"2026-04-14T15:12:46","guid":{"rendered":"http:\/\/masquenoticiastucuman.com.ar\/?p=60517"},"modified":"2026-04-14T12:12:46","modified_gmt":"2026-04-14T15:12:46","slug":"el-gobierno-busca-sumar-al-rigi-unos-8-proyectos-de-inversion-petrolera","status":"publish","type":"post","link":"https:\/\/masquenoticiastucuman.com.ar\/?p=60517","title":{"rendered":"El Gobierno busca sumar al RIGI unos 8 proyectos de inversi\u00f3n petrolera"},"content":{"rendered":"<ul>\n<li>Lo anticip\u00f3 Daniel Gonz\u00e1lez, secretario de Coordinaci\u00f3n de Energ\u00eda y Miner\u00eda.<\/li>\n<li>Ya se presentaron dos y hay un tercero en camino.<\/li>\n<\/ul>\n<p>\u200bLo anticip\u00f3 Daniel Gonz\u00e1lez, secretario de Coordinaci\u00f3n de Energ\u00eda y Miner\u00eda.Ya se presentaron dos y hay un tercero en camino.\u00a0<a href=\"https:\/\/www.clarin.com\/economia\/gobierno-busca-sumar-rigi-8-proyectos-inversion-petrolera_0_8fxAoxGvcw.html\" target=\"_blank\" class=\"feedzy-rss-link-icon\">Read More<\/a><\/p>","protected":false},"excerpt":{"rendered":"<p>Lo anticip\u00f3 Daniel Gonz\u00e1lez, secretario de Coordinaci\u00f3n de Energ\u00eda y Miner\u00eda. Ya se presentaron dos&#8230;<\/p>\n","protected":false},"author":1,"featured_media":0,"comment_status":"open","ping_status":"open","sticky":false,"template":"","format":"standard","meta":{"footnotes":""},"categories":[3],"tags":[],"class_list":["post-60517","post","type-post","status-publish","format-standard","has-post-thumbnail","hentry","category-nacionales"],"_links":{"self":[{"href":"https:\/\/masquenoticiastucuman.com.ar\/index.php?rest_route=\/wp\/v2\/posts\/60517","targetHints":{"allow":["GET"]}}],"collection":[{"href":"https:\/\/masquenoticiastucuman.com.ar\/index.php?rest_route=\/wp\/v2\/posts"}],"about":[{"href":"https:\/\/masquenoticiastucuman.com.ar\/index.php?rest_route=\/wp\/v2\/types\/post"}],"author":[{"embeddable":true,"href":"https:\/\/masquenoticiastucuman.com.ar\/index.php?rest_route=\/wp\/v2\/users\/1"}],"replies":[{"embeddable":true,"href":"https:\/\/masquenoticiastucuman.com.ar\/index.php?rest_route=%2Fwp%2Fv2%2Fcomments&post=60517"}],"version-history":[{"count":0,"href":"https:\/\/masquenoticiastucuman.com.ar\/index.php?rest_route=\/wp\/v2\/posts\/60517\/revisions"}],"wp:attachment":[{"href":"https:\/\/masquenoticiastucuman.com.ar\/index.php?rest_route=%2Fwp%2Fv2%2Fmedia&parent=60517"}],"wp:term":[{"taxonomy":"category","embeddable":true,"href":"https:\/\/masquenoticiastucuman.com.ar\/index.php?rest_route=%2Fwp%2Fv2%2Fcategories&post=60517"},{"taxonomy":"post_tag","embeddable":true,"href":"https:\/\/masquenoticiastucuman.com.ar\/index.php?rest_route=%2Fwp%2Fv2%2Ftags&post=60517"}],"curies":[{"name":"wp","href":"https:\/\/api.w.org\/{rel}","templated":true}]}}