{"id":60520,"date":"2026-04-14T11:24:54","date_gmt":"2026-04-14T14:24:54","guid":{"rendered":"http:\/\/masquenoticiastucuman.com.ar\/?p=60520"},"modified":"2026-04-14T11:24:54","modified_gmt":"2026-04-14T14:24:54","slug":"estados-unidos-negocia-un-acuerdo-con-iran-que-le-daria-mas-tiempo-otra-vez","status":"publish","type":"post","link":"https:\/\/masquenoticiastucuman.com.ar\/?p=60520","title":{"rendered":"Estados Unidos negocia un acuerdo con Ir\u00e1n que le dar\u00eda m\u00e1s tiempo, otra vez"},"content":{"rendered":"<ul>\n<li>Ambas partes est\u00e1n discutiendo sobre el periodo de tiempo para suspender la actividad nuclear iran\u00ed.<\/li>\n<li>Esto sugiere que podr\u00eda haber espacio para un acuerdo, y hay indicios de que los negociadores podr\u00edan reunirse nuevamente en los pr\u00f3ximos d\u00edas.<\/li>\n<\/ul>\n<p>\u200bAmbas partes est\u00e1n discutiendo sobre el periodo de tiempo para suspender la actividad nuclear iran\u00ed.Esto sugiere que podr\u00eda haber espacio para un acuerdo, y hay indicios de que los negociadores podr\u00edan reunirse nuevamente en los pr\u00f3ximos d\u00edas.\u00a0<a href=\"https:\/\/www.clarin.com\/new-york-times-international-weekly\/estados-unidos-negocia-acuerdo-iran-daria-tiempo-vez_0_sQj0Eku9Hl.html\" target=\"_blank\" class=\"feedzy-rss-link-icon\">Read More<\/a><\/p>","protected":false},"excerpt":{"rendered":"<p>Ambas partes est\u00e1n discutiendo sobre el periodo de tiempo para suspender la actividad nuclear iran\u00ed&#8230;.<\/p>\n","protected":false},"author":1,"featured_media":60521,"comment_status":"open","ping_status":"open","sticky":false,"template":"","format":"standard","meta":{"footnotes":""},"categories":[4],"tags":[],"class_list":["post-60520","post","type-post","status-publish","format-standard","has-post-thumbnail","hentry","category-internacionales"],"_links":{"self":[{"href":"https:\/\/masquenoticiastucuman.com.ar\/index.php?rest_route=\/wp\/v2\/posts\/60520","targetHints":{"allow":["GET"]}}],"collection":[{"href":"https:\/\/masquenoticiastucuman.com.ar\/index.php?rest_route=\/wp\/v2\/posts"}],"about":[{"href":"https:\/\/masquenoticiastucuman.com.ar\/index.php?rest_route=\/wp\/v2\/types\/post"}],"author":[{"embeddable":true,"href":"https:\/\/masquenoticiastucuman.com.ar\/index.php?rest_route=\/wp\/v2\/users\/1"}],"replies":[{"embeddable":true,"href":"https:\/\/masquenoticiastucuman.com.ar\/index.php?rest_route=%2Fwp%2Fv2%2Fcomments&post=60520"}],"version-history":[{"count":0,"href":"https:\/\/masquenoticiastucuman.com.ar\/index.php?rest_route=\/wp\/v2\/posts\/60520\/revisions"}],"wp:featuredmedia":[{"embeddable":true,"href":"https:\/\/masquenoticiastucuman.com.ar\/index.php?rest_route=\/wp\/v2\/media\/60521"}],"wp:attachment":[{"href":"https:\/\/masquenoticiastucuman.com.ar\/index.php?rest_route=%2Fwp%2Fv2%2Fmedia&parent=60520"}],"wp:term":[{"taxonomy":"category","embeddable":true,"href":"https:\/\/masquenoticiastucuman.com.ar\/index.php?rest_route=%2Fwp%2Fv2%2Fcategories&post=60520"},{"taxonomy":"post_tag","embeddable":true,"href":"https:\/\/masquenoticiastucuman.com.ar\/index.php?rest_route=%2Fwp%2Fv2%2Ftags&post=60520"}],"curies":[{"name":"wp","href":"https:\/\/api.w.org\/{rel}","templated":true}]}}