{"id":60522,"date":"2026-04-14T12:56:16","date_gmt":"2026-04-14T15:56:16","guid":{"rendered":"http:\/\/masquenoticiastucuman.com.ar\/?p=60522"},"modified":"2026-04-14T12:56:16","modified_gmt":"2026-04-14T15:56:16","slug":"viene-zz-top-a-la-argentina-cuando-tocan-en-buenos-aires-y-como-comprar-entradas","status":"publish","type":"post","link":"https:\/\/masquenoticiastucuman.com.ar\/?p=60522","title":{"rendered":"Viene ZZ Top a la Argentina: cu\u00e1ndo tocan en Buenos Aires y c\u00f3mo comprar entradas"},"content":{"rendered":"<ul>\n<li>La banda texana se presentar\u00e1 en 2026 en lo que ser\u00e1 su segunda vez en el pa\u00eds, tras 16 a\u00f1os.<\/li>\n<li>Con m\u00e1s de 50 a\u00f1os de carrera, el grupo traer\u00e1 su gira The Big One! con un repaso por sus cl\u00e1sicos y una puesta pensada para varias generaciones.<\/li>\n<\/ul>\n<p>\u200bLa banda texana se presentar\u00e1 en 2026 en lo que ser\u00e1 su segunda vez en el pa\u00eds, tras 16 a\u00f1os.Con m\u00e1s de 50 a\u00f1os de carrera, el grupo traer\u00e1 su gira The Big One! con un repaso por sus cl\u00e1sicos y una puesta pensada para varias generaciones.\u00a0<a href=\"https:\/\/www.clarin.com\/espectaculos\/viene-zz-top-argentina-tocan-buenos-aires-comprar-entradas_0_3R0hRdpzT1.html\" target=\"_blank\" class=\"feedzy-rss-link-icon\">Read More<\/a><\/p>","protected":false},"excerpt":{"rendered":"<p>La banda texana se presentar\u00e1 en 2026 en lo que ser\u00e1 su segunda vez en&#8230;<\/p>\n","protected":false},"author":1,"featured_media":0,"comment_status":"open","ping_status":"open","sticky":false,"template":"","format":"standard","meta":{"footnotes":""},"categories":[5],"tags":[],"class_list":["post-60522","post","type-post","status-publish","format-standard","has-post-thumbnail","hentry","category-espectaculo"],"_links":{"self":[{"href":"https:\/\/masquenoticiastucuman.com.ar\/index.php?rest_route=\/wp\/v2\/posts\/60522","targetHints":{"allow":["GET"]}}],"collection":[{"href":"https:\/\/masquenoticiastucuman.com.ar\/index.php?rest_route=\/wp\/v2\/posts"}],"about":[{"href":"https:\/\/masquenoticiastucuman.com.ar\/index.php?rest_route=\/wp\/v2\/types\/post"}],"author":[{"embeddable":true,"href":"https:\/\/masquenoticiastucuman.com.ar\/index.php?rest_route=\/wp\/v2\/users\/1"}],"replies":[{"embeddable":true,"href":"https:\/\/masquenoticiastucuman.com.ar\/index.php?rest_route=%2Fwp%2Fv2%2Fcomments&post=60522"}],"version-history":[{"count":0,"href":"https:\/\/masquenoticiastucuman.com.ar\/index.php?rest_route=\/wp\/v2\/posts\/60522\/revisions"}],"wp:attachment":[{"href":"https:\/\/masquenoticiastucuman.com.ar\/index.php?rest_route=%2Fwp%2Fv2%2Fmedia&parent=60522"}],"wp:term":[{"taxonomy":"category","embeddable":true,"href":"https:\/\/masquenoticiastucuman.com.ar\/index.php?rest_route=%2Fwp%2Fv2%2Fcategories&post=60522"},{"taxonomy":"post_tag","embeddable":true,"href":"https:\/\/masquenoticiastucuman.com.ar\/index.php?rest_route=%2Fwp%2Fv2%2Ftags&post=60522"}],"curies":[{"name":"wp","href":"https:\/\/api.w.org\/{rel}","templated":true}]}}