{"id":60525,"date":"2026-04-14T15:25:08","date_gmt":"2026-04-14T18:25:08","guid":{"rendered":"https:\/\/masquenoticiastucuman.com.ar\/?p=60525"},"modified":"2026-04-14T15:27:41","modified_gmt":"2026-04-14T18:27:41","slug":"municipalidad-de-bella-vista","status":"publish","type":"post","link":"https:\/\/masquenoticiastucuman.com.ar\/?p=60525","title":{"rendered":"Municipalidad de Bella Vista"},"content":{"rendered":"\n<p>Desde el Municipio se impulsa una gesti\u00f3n que escucha, integra miradas y toma decisiones a partir del di\u00e1logo y el trabajo coordinado. Porque los desaf\u00edos de la ciudad se abordan mejor con planificaci\u00f3n, compromiso y un equipo que trabaja en la misma direcci\u00f3n.<\/p>\n\n\n\n<p>Por eso hoy se llev\u00f3 adelante una Mesa de Gesti\u00f3n Intersectorial, un espacio de trabajo conjunto con referentes de distintas \u00e1reas del municipio y sectores operativos de la ciudad.<\/p>\n\n\n\n<p>La gesti\u00f3n se construye en equipo. <\/p>\n","protected":false},"excerpt":{"rendered":"<p>Desde el Municipio se impulsa una gesti\u00f3n que escucha, integra miradas y toma decisiones a&#8230;<\/p>\n","protected":false},"author":2,"featured_media":60526,"comment_status":"open","ping_status":"open","sticky":false,"template":"","format":"standard","meta":{"footnotes":""},"categories":[2,1],"tags":[],"class_list":["post-60525","post","type-post","status-publish","format-standard","has-post-thumbnail","hentry","category-locales","category-uncategorized"],"_links":{"self":[{"href":"https:\/\/masquenoticiastucuman.com.ar\/index.php?rest_route=\/wp\/v2\/posts\/60525","targetHints":{"allow":["GET"]}}],"collection":[{"href":"https:\/\/masquenoticiastucuman.com.ar\/index.php?rest_route=\/wp\/v2\/posts"}],"about":[{"href":"https:\/\/masquenoticiastucuman.com.ar\/index.php?rest_route=\/wp\/v2\/types\/post"}],"author":[{"embeddable":true,"href":"https:\/\/masquenoticiastucuman.com.ar\/index.php?rest_route=\/wp\/v2\/users\/2"}],"replies":[{"embeddable":true,"href":"https:\/\/masquenoticiastucuman.com.ar\/index.php?rest_route=%2Fwp%2Fv2%2Fcomments&post=60525"}],"version-history":[{"count":1,"href":"https:\/\/masquenoticiastucuman.com.ar\/index.php?rest_route=\/wp\/v2\/posts\/60525\/revisions"}],"predecessor-version":[{"id":60527,"href":"https:\/\/masquenoticiastucuman.com.ar\/index.php?rest_route=\/wp\/v2\/posts\/60525\/revisions\/60527"}],"wp:featuredmedia":[{"embeddable":true,"href":"https:\/\/masquenoticiastucuman.com.ar\/index.php?rest_route=\/wp\/v2\/media\/60526"}],"wp:attachment":[{"href":"https:\/\/masquenoticiastucuman.com.ar\/index.php?rest_route=%2Fwp%2Fv2%2Fmedia&parent=60525"}],"wp:term":[{"taxonomy":"category","embeddable":true,"href":"https:\/\/masquenoticiastucuman.com.ar\/index.php?rest_route=%2Fwp%2Fv2%2Fcategories&post=60525"},{"taxonomy":"post_tag","embeddable":true,"href":"https:\/\/masquenoticiastucuman.com.ar\/index.php?rest_route=%2Fwp%2Fv2%2Ftags&post=60525"}],"curies":[{"name":"wp","href":"https:\/\/api.w.org\/{rel}","templated":true}]}}