{"id":60529,"date":"2026-04-14T14:21:17","date_gmt":"2026-04-14T17:21:17","guid":{"rendered":"http:\/\/masquenoticiastucuman.com.ar\/?p=60529"},"modified":"2026-04-14T14:21:17","modified_gmt":"2026-04-14T17:21:17","slug":"cumbre-de-amcham-como-mendoza-y-formosa-una-nueva-grieta-divide-a-las-empresas","status":"publish","type":"post","link":"https:\/\/masquenoticiastucuman.com.ar\/?p=60529","title":{"rendered":"Cumbre de AmCham: como Mendoza y Formosa, una nueva grieta divide a las empresas"},"content":{"rendered":"<ul>\n<li>En el encuentro que convoc\u00f3 a casi 1.000 empresarios, la actividad es pujante para algunos sectores y golpea fuerte en otros. <\/li>\n<li>La situaci\u00f3n social y la inflaci\u00f3n, en las agendas.<\/li>\n<\/ul>\n<p>\u200bEn el encuentro que convoc\u00f3 a casi 1.000 empresarios, la actividad es pujante para algunos sectores y golpea fuerte en otros. La situaci\u00f3n social y la inflaci\u00f3n, en las agendas.\u00a0<a href=\"https:\/\/www.clarin.com\/economia\/cumbre-amcham-mendoza-formosa-nueva-grieta-divide-empresas_0_7BSC99e01W.html\" target=\"_blank\" class=\"feedzy-rss-link-icon\">Read More<\/a><\/p>","protected":false},"excerpt":{"rendered":"<p>En el encuentro que convoc\u00f3 a casi 1.000 empresarios, la actividad es pujante para algunos&#8230;<\/p>\n","protected":false},"author":1,"featured_media":0,"comment_status":"open","ping_status":"open","sticky":false,"template":"","format":"standard","meta":{"footnotes":""},"categories":[3],"tags":[],"class_list":["post-60529","post","type-post","status-publish","format-standard","has-post-thumbnail","hentry","category-nacionales"],"_links":{"self":[{"href":"https:\/\/masquenoticiastucuman.com.ar\/index.php?rest_route=\/wp\/v2\/posts\/60529","targetHints":{"allow":["GET"]}}],"collection":[{"href":"https:\/\/masquenoticiastucuman.com.ar\/index.php?rest_route=\/wp\/v2\/posts"}],"about":[{"href":"https:\/\/masquenoticiastucuman.com.ar\/index.php?rest_route=\/wp\/v2\/types\/post"}],"author":[{"embeddable":true,"href":"https:\/\/masquenoticiastucuman.com.ar\/index.php?rest_route=\/wp\/v2\/users\/1"}],"replies":[{"embeddable":true,"href":"https:\/\/masquenoticiastucuman.com.ar\/index.php?rest_route=%2Fwp%2Fv2%2Fcomments&post=60529"}],"version-history":[{"count":0,"href":"https:\/\/masquenoticiastucuman.com.ar\/index.php?rest_route=\/wp\/v2\/posts\/60529\/revisions"}],"wp:attachment":[{"href":"https:\/\/masquenoticiastucuman.com.ar\/index.php?rest_route=%2Fwp%2Fv2%2Fmedia&parent=60529"}],"wp:term":[{"taxonomy":"category","embeddable":true,"href":"https:\/\/masquenoticiastucuman.com.ar\/index.php?rest_route=%2Fwp%2Fv2%2Fcategories&post=60529"},{"taxonomy":"post_tag","embeddable":true,"href":"https:\/\/masquenoticiastucuman.com.ar\/index.php?rest_route=%2Fwp%2Fv2%2Ftags&post=60529"}],"curies":[{"name":"wp","href":"https:\/\/api.w.org\/{rel}","templated":true}]}}