{"id":60530,"date":"2026-04-14T14:13:16","date_gmt":"2026-04-14T17:13:16","guid":{"rendered":"http:\/\/masquenoticiastucuman.com.ar\/?p=60530"},"modified":"2026-04-14T14:13:16","modified_gmt":"2026-04-14T17:13:16","slug":"en-su-misa-en-argelia-el-papa-leon-xiv-afirmo-que-es-posible-un-futuro-de-justicia-y-paz","status":"publish","type":"post","link":"https:\/\/masquenoticiastucuman.com.ar\/?p=60530","title":{"rendered":"En su misa en Argelia, el Papa Le\u00f3n XIV afirm\u00f3 que &#8220;es posible un futuro de justicia y paz&#8221;"},"content":{"rendered":"<ul>\n<li>El pont\u00edfice recorri\u00f3 la ciudad de Annaba, donde vivi\u00f3 San Agust\u00edn. Y lanz\u00f3 un mensaje de esperanza en medio de las guerras.<\/li>\n<li>Este mi\u00e9rcoles seguir\u00e1 su gira por \u00c1frica, que lo llevar\u00e1 a Camer\u00fan, Angola y Guinea Ecuatorial.<\/li>\n<\/ul>\n<p>\u200bEl pont\u00edfice recorri\u00f3 la ciudad de Annaba, donde vivi\u00f3 San Agust\u00edn. Y lanz\u00f3 un mensaje de esperanza en medio de las guerras.Este mi\u00e9rcoles seguir\u00e1 su gira por \u00c1frica, que lo llevar\u00e1 a Camer\u00fan, Angola y Guinea Ecuatorial.\u00a0<a href=\"https:\/\/www.clarin.com\/mundo\/misa-argelia-papa-leon-xiv-afirmo-posible-futuro-justicia-paz_0_MTg4aKMRJ1.html\" target=\"_blank\" class=\"feedzy-rss-link-icon\">Read More<\/a><\/p>","protected":false},"excerpt":{"rendered":"<p>El pont\u00edfice recorri\u00f3 la ciudad de Annaba, donde vivi\u00f3 San Agust\u00edn. Y lanz\u00f3 un mensaje&#8230;<\/p>\n","protected":false},"author":1,"featured_media":60531,"comment_status":"open","ping_status":"open","sticky":false,"template":"","format":"standard","meta":{"footnotes":""},"categories":[4],"tags":[],"class_list":["post-60530","post","type-post","status-publish","format-standard","has-post-thumbnail","hentry","category-internacionales"],"_links":{"self":[{"href":"https:\/\/masquenoticiastucuman.com.ar\/index.php?rest_route=\/wp\/v2\/posts\/60530","targetHints":{"allow":["GET"]}}],"collection":[{"href":"https:\/\/masquenoticiastucuman.com.ar\/index.php?rest_route=\/wp\/v2\/posts"}],"about":[{"href":"https:\/\/masquenoticiastucuman.com.ar\/index.php?rest_route=\/wp\/v2\/types\/post"}],"author":[{"embeddable":true,"href":"https:\/\/masquenoticiastucuman.com.ar\/index.php?rest_route=\/wp\/v2\/users\/1"}],"replies":[{"embeddable":true,"href":"https:\/\/masquenoticiastucuman.com.ar\/index.php?rest_route=%2Fwp%2Fv2%2Fcomments&post=60530"}],"version-history":[{"count":0,"href":"https:\/\/masquenoticiastucuman.com.ar\/index.php?rest_route=\/wp\/v2\/posts\/60530\/revisions"}],"wp:featuredmedia":[{"embeddable":true,"href":"https:\/\/masquenoticiastucuman.com.ar\/index.php?rest_route=\/wp\/v2\/media\/60531"}],"wp:attachment":[{"href":"https:\/\/masquenoticiastucuman.com.ar\/index.php?rest_route=%2Fwp%2Fv2%2Fmedia&parent=60530"}],"wp:term":[{"taxonomy":"category","embeddable":true,"href":"https:\/\/masquenoticiastucuman.com.ar\/index.php?rest_route=%2Fwp%2Fv2%2Fcategories&post=60530"},{"taxonomy":"post_tag","embeddable":true,"href":"https:\/\/masquenoticiastucuman.com.ar\/index.php?rest_route=%2Fwp%2Fv2%2Ftags&post=60530"}],"curies":[{"name":"wp","href":"https:\/\/api.w.org\/{rel}","templated":true}]}}